{"id":12247,"date":"2019-03-19T06:13:53","date_gmt":"2019-03-19T05:13:53","guid":{"rendered":"http:\/\/www.wjst.de\/blog\/?p=12247"},"modified":"2019-03-19T06:21:25","modified_gmt":"2019-03-19T05:21:25","slug":"die-kosten-der-ungleichheit","status":"publish","type":"post","link":"https:\/\/www.wjst.de\/blog\/sciencesurf\/2019\/03\/die-kosten-der-ungleichheit\/","title":{"rendered":"Die Kosten der Ungleichheit"},"content":{"rendered":"<p><iframe loading=\"lazy\" src=\"https:\/\/www.youtube.com\/embed\/4mG-r_3eRCw?start=1340\" width=\"560\" height=\"315\" frameborder=\"0\" allowfullscreen=\"allowfullscreen\"><\/iframe><\/p>\n<p>Mehr zu <a href=\"https:\/\/www.zeit.de\/2019\/12\/rutger-bregman-wirtschaftsforum-davos-steuergerechtigkeit\">Rutger Bregmann<\/a> in der ZEIT mit einem aktuellen Interview. Beim Weltwirtschaftsforum in Davos warfen er den dort versammelten Milliard\u00e4ren vor, zu wenig Steuern zu bezahlen.<\/p>\n<blockquote><p>In Davos war ich eigentlich, um \u00fcber mein neues Buch zu sprechen. Darin fordere ich unter anderem ein Grundeinkommen f\u00fcr alle. Davos ist eine Riesenchance, wenn man ein Buch verkaufen will, denn dort sind viele einflussreiche Leute. Aber ich f\u00fchlte mich w\u00e4hrend der ganzen Tage dort nicht wohl. Ich empfand die Konferenz als oberfl\u00e4chlich und hohl &#8230; Exklusiv f\u00fcr die Teilnehmer der Konferenz wurde der neue Film des Regisseurs David Attenborough gezeigt, ein bewegendes Werk \u00fcber den Zustand des Planeten. Ich sah Leute, die bei der Vorf\u00fchrung weinten. Und ich dachte: Das ist so scheinheilig! Drau\u00dfen standen 1500 Privatjets, mit denen diese Leute in die Schweizer Berge geflogen waren, und jetzt weinten sie hier drinnen bei einem Film \u00fcber die Folgen des Klimawandels. Ich hatte das Ganze so satt.<\/p><\/blockquote>\n\n<p>&nbsp;<\/p>\n<div class=\"bottom-note\">\n  <span class=\"mod1\">CC-BY-NC Science Surf , accessed 27.04.2026<\/span>\n <\/div>","protected":false},"excerpt":{"rendered":"<p>Mehr zu Rutger Bregmann in der ZEIT mit einem aktuellen Interview. Beim Weltwirtschaftsforum in Davos warfen er den dort versammelten Milliard\u00e4ren vor, zu wenig Steuern zu bezahlen. In Davos war ich eigentlich, um \u00fcber mein neues Buch zu sprechen. Darin fordere ich unter anderem ein Grundeinkommen f\u00fcr alle. Davos ist eine Riesenchance, wenn man ein &hellip; <a href=\"https:\/\/www.wjst.de\/blog\/sciencesurf\/2019\/03\/die-kosten-der-ungleichheit\/\" class=\"more-link\">Continue reading <span class=\"screen-reader-text\">Die Kosten der Ungleichheit<\/span> <span class=\"meta-nav\">&rarr;<\/span><\/a><\/p>\n","protected":false},"author":1,"featured_media":0,"comment_status":"closed","ping_status":"open","sticky":false,"template":"","format":"standard","meta":{"footnotes":""},"categories":[2993],"tags":[],"class_list":["post-12247","post","type-post","status-publish","format-standard","hentry","category-video"],"_links":{"self":[{"href":"https:\/\/www.wjst.de\/blog\/wp-json\/wp\/v2\/posts\/12247","targetHints":{"allow":["GET"]}}],"collection":[{"href":"https:\/\/www.wjst.de\/blog\/wp-json\/wp\/v2\/posts"}],"about":[{"href":"https:\/\/www.wjst.de\/blog\/wp-json\/wp\/v2\/types\/post"}],"author":[{"embeddable":true,"href":"https:\/\/www.wjst.de\/blog\/wp-json\/wp\/v2\/users\/1"}],"replies":[{"embeddable":true,"href":"https:\/\/www.wjst.de\/blog\/wp-json\/wp\/v2\/comments?post=12247"}],"version-history":[{"count":5,"href":"https:\/\/www.wjst.de\/blog\/wp-json\/wp\/v2\/posts\/12247\/revisions"}],"predecessor-version":[{"id":12252,"href":"https:\/\/www.wjst.de\/blog\/wp-json\/wp\/v2\/posts\/12247\/revisions\/12252"}],"wp:attachment":[{"href":"https:\/\/www.wjst.de\/blog\/wp-json\/wp\/v2\/media?parent=12247"}],"wp:term":[{"taxonomy":"category","embeddable":true,"href":"https:\/\/www.wjst.de\/blog\/wp-json\/wp\/v2\/categories?post=12247"},{"taxonomy":"post_tag","embeddable":true,"href":"https:\/\/www.wjst.de\/blog\/wp-json\/wp\/v2\/tags?post=12247"}],"curies":[{"name":"wp","href":"https:\/\/api.w.org\/{rel}","templated":true}]}}