{"id":13024,"date":"2019-07-14T16:22:42","date_gmt":"2019-07-14T16:22:42","guid":{"rendered":"http:\/\/www.wjst.de\/blog\/?p=13024"},"modified":"2019-07-16T07:57:15","modified_gmt":"2019-07-16T07:57:15","slug":"was-ist-daran-evangelisch","status":"publish","type":"post","link":"https:\/\/www.wjst.de\/blog\/sciencesurf\/2019\/07\/was-ist-daran-evangelisch\/","title":{"rendered":"Was ist daran evangelisch?"},"content":{"rendered":"<p>Schon die Einstiegsseite zeigt die schrille Dissonanz \u00a0eines &#8220;evangelisch-protestantischer Zwischenrufs&#8221;, der den letzten Lebensabschnitt von &#8220;jeglichem kirchlich-theologischen Diktat&#8221; freihalten will.<\/p>\n<figure id=\"attachment_13025\" aria-describedby=\"caption-attachment-13025\" style=\"width: 256px\" class=\"wp-caption alignnone\"><a href=\"https:\/\/www.feinschwarz.net\/sterben-duerfen-ein-evangelisch-protestantischer-zwischenruf-teil-1\/\"><img loading=\"lazy\" decoding=\"async\" class=\"wp-image-13025\" src=\"https:\/\/www.wjst.de\/blog\/wp-content\/uploads\/2019\/07\/screen-14.png\" alt=\"\" width=\"256\" height=\"219\" srcset=\"https:\/\/www.wjst.de\/blog\/wp-content\/uploads\/2019\/07\/screen-14.png 832w, https:\/\/www.wjst.de\/blog\/wp-content\/uploads\/2019\/07\/screen-14-620x531.png 620w, https:\/\/www.wjst.de\/blog\/wp-content\/uploads\/2019\/07\/screen-14-768x657.png 768w, https:\/\/www.wjst.de\/blog\/wp-content\/uploads\/2019\/07\/screen-14-584x500.png 584w\" sizes=\"auto, (max-width: 256px) 100vw, 256px\" \/><\/a><figcaption id=\"caption-attachment-13025\" class=\"wp-caption-text\">https:\/\/www.feinschwarz.net\/sterben-duerfen-ein-evangelisch-protestantischer-zwischenruf-teil-1\/<\/figcaption><\/figure>\n<p>Der Text steht auf <a href=\"https:\/\/www.feinschwarz.net\/sterben-duerfen-ein-evangelisch-protestantischer-zwischenruf-teil-1\/\">https:\/\/www.feinschwarz.net\/sterben-duerfen-ein-evangelisch-protestantischer-zwischenruf-teil-1<\/a><\/p>\n<p>Dabei reicht Teil 1 v\u00f6llig aus, um zu verstehen mit welch faden Argumenten hier \u00a0eine ideologische Debatte befeuert wird. Warum f\u00fchlen sich ex Religionsp\u00e4dagogen (wie Ritter) und ex EKD Ratsvorsitzende (wie Schneider&#8230;) nun pl\u00f6tzlich berufen, sich zur Euthanasie zu \u00e4ussern?<\/p>\n<p>Barths <a href=\"https:\/\/www.feinschwarz.net\/karl-barth-ein-leben-im-widerspruch\/\">zentrale These war<\/a>\u00a0doch immerhin<\/p>\n<blockquote><p>Gott ist der ganz Andere, den der Mensch nicht von sich aus erkennen kann. Deshalb f\u00fchrt die Analyse religi\u00f6ser Bed\u00fcrfnisse oder menschlicher Erwartungen nicht zu Gott. Und deshalb sollen Kirche und Theologie nicht vorrangig von der menschlichen Religiosit\u00e4t reden.<\/p><\/blockquote>\n<p>Aber genau das macht Ritter hier. \u00dcber (seine) Bed\u00fcrfnisse und seine Erwartungen reden. Damit kommt er zu skurrilen Aussagen zum Beispiel \u00fcber das 5. Gebot &#8220;<strong>Du sollst nicht t\u00f6ten<\/strong>&#8220;. Zu dem Einwand sagt Ritter<\/p>\n<blockquote><p>Es geht bei Sterbehilfe heute ja nicht darum, dass ein vitaler Mensch get\u00f6tet wird, sondern darum, dass schwer kranke Menschen, die sich im finalen Sterbeprozess befinden und ihr Leben \u2013 christlich gesprochen \u2013 in Gottes Hand zur\u00fcckgeben m\u00f6chten, dies auch tun d\u00fcrfen.<\/p><\/blockquote>\n<p>Sein Trick: Nehmen wir einfach kranke oder lebensm\u00fcde Menschen von dem Gebot aus.<\/p>\n<p>Zum Einwand &#8220;<strong>Das kommt einem Dammbruch gleich<\/strong>&#8221; sagt Ritter<\/p>\n<blockquote><p>Haben wir \u2013 ein erster Einwand \u2013 nicht schon in der Schule gelernt: abusus non tollit usum? Also Missbrauch einer Sache hebt doch nicht zwangsl\u00e4ufig deren sinnvollen und guten Gebrauch auf!<\/p><\/blockquote>\n<p>Sein Trick: Tun wir einfach mal so, als br\u00e4uchten wir keinen Damm, Wasser \u00a0ist doch etwas lebensnotwendiges.<\/p>\n<p>Zum Einwand &#8220;<strong>Es gibt doch Palliativversorgung<\/strong>&#8221; sagt Ritter<\/p>\n<blockquote><p>Eine erste kapitale Frage lautet: Wer soll das bezahlen? &#8230; Palliativversorgung und Sterbehilfe liegen nicht einfach Meilen weit auseinander, sondern sind in der Praxis oft nicht wirklich zu unterscheiden.<\/p><\/blockquote>\n<p>Sein Trick: Die Kosten von Pentobarbital gegen den Tagessatz in einer Palliativstation hochrechnen und dazu eine schon justiziable \u00a0Verunglimpfung der Palliativversorgung.<\/p>\n<p>Den Einwand &#8220;<strong>Schau auf das Kreuz&#8230;<\/strong>&#8221; tut er ab<\/p>\n<blockquote><p>Leidensmystik kann heute keine theologische Empfehlung mehr f\u00fcr Jedermanns Sterben sein.<\/p><\/blockquote>\n<p>Das ist kein Trick mehr, denn hier gibt er nun zentrale\u00a0evangelische Positionen auf.<\/p>\n\n<p>&nbsp;<\/p>\n<div class=\"bottom-note\">\n  <span class=\"mod1\">CC-BY-NC Science Surf , accessed 01.05.2026<\/span>\n <\/div>","protected":false},"excerpt":{"rendered":"<p>Schon die Einstiegsseite zeigt die schrille Dissonanz \u00a0eines &#8220;evangelisch-protestantischer Zwischenrufs&#8221;, der den letzten Lebensabschnitt von &#8220;jeglichem kirchlich-theologischen Diktat&#8221; freihalten will. Der Text steht auf https:\/\/www.feinschwarz.net\/sterben-duerfen-ein-evangelisch-protestantischer-zwischenruf-teil-1 Dabei reicht Teil 1 v\u00f6llig aus, um zu verstehen mit welch faden Argumenten hier \u00a0eine ideologische Debatte befeuert wird. Warum f\u00fchlen sich ex Religionsp\u00e4dagogen (wie Ritter) und ex EKD Ratsvorsitzende &hellip; <a href=\"https:\/\/www.wjst.de\/blog\/sciencesurf\/2019\/07\/was-ist-daran-evangelisch\/\" class=\"more-link\">Continue reading <span class=\"screen-reader-text\">Was ist daran evangelisch?<\/span> <span class=\"meta-nav\">&rarr;<\/span><\/a><\/p>\n","protected":false},"author":1,"featured_media":0,"comment_status":"closed","ping_status":"open","sticky":false,"template":"","format":"standard","meta":{"footnotes":""},"categories":[15],"tags":[],"class_list":["post-13024","post","type-post","status-publish","format-standard","hentry","category-science-theology"],"_links":{"self":[{"href":"https:\/\/www.wjst.de\/blog\/wp-json\/wp\/v2\/posts\/13024","targetHints":{"allow":["GET"]}}],"collection":[{"href":"https:\/\/www.wjst.de\/blog\/wp-json\/wp\/v2\/posts"}],"about":[{"href":"https:\/\/www.wjst.de\/blog\/wp-json\/wp\/v2\/types\/post"}],"author":[{"embeddable":true,"href":"https:\/\/www.wjst.de\/blog\/wp-json\/wp\/v2\/users\/1"}],"replies":[{"embeddable":true,"href":"https:\/\/www.wjst.de\/blog\/wp-json\/wp\/v2\/comments?post=13024"}],"version-history":[{"count":8,"href":"https:\/\/www.wjst.de\/blog\/wp-json\/wp\/v2\/posts\/13024\/revisions"}],"predecessor-version":[{"id":13040,"href":"https:\/\/www.wjst.de\/blog\/wp-json\/wp\/v2\/posts\/13024\/revisions\/13040"}],"wp:attachment":[{"href":"https:\/\/www.wjst.de\/blog\/wp-json\/wp\/v2\/media?parent=13024"}],"wp:term":[{"taxonomy":"category","embeddable":true,"href":"https:\/\/www.wjst.de\/blog\/wp-json\/wp\/v2\/categories?post=13024"},{"taxonomy":"post_tag","embeddable":true,"href":"https:\/\/www.wjst.de\/blog\/wp-json\/wp\/v2\/tags?post=13024"}],"curies":[{"name":"wp","href":"https:\/\/api.w.org\/{rel}","templated":true}]}}