{"id":13661,"date":"2019-10-13T04:49:29","date_gmt":"2019-10-13T04:49:29","guid":{"rendered":"http:\/\/www.wjst.de\/blog\/?p=13661"},"modified":"2019-10-31T06:40:18","modified_gmt":"2019-10-31T06:40:18","slug":"okodiktatur","status":"publish","type":"post","link":"https:\/\/www.wjst.de\/blog\/sciencesurf\/2019\/10\/okodiktatur\/","title":{"rendered":"\u00d6kodiktatur"},"content":{"rendered":"<p>Eine Diktatur wird durch eine einzelne regierende Person oder eine Gruppe mit\u00a0 politischer Macht ausge\u00fcbt und nicht durch Sachzw\u00e4nge.\u00a0 Die angeblich &#8220;normative Kraft des Faktischen&#8221; ist nur selten eine tats\u00e4chlich Beschr\u00e4nkung der Handlungsoptionen.<\/p>\n<p>Der Begriff der \u00d6kodiktatur ist rechtspopulistisch (<a href=\"https:\/\/www.focus.de\/wissen\/klima\/video-kolumne-frank-und-frei-kolumnist-fassungslos-ueber-greta-vergoetterung-haben-nicht-mehr-alle-tassen-im-schrank_id_11185639.html\">Meyer<\/a>\/Cicero, <a href=\"https:\/\/www.wjst.de\/blog\/sciencesurf\/2019\/08\/ralf-frisch-und-sein-fuck-you-greta-artikel-auf-zeitzeichen\/\">Frisch<\/a>\/Zeitzeichen, &#8230;) und das Beste, was man dazu sagen kann, steht in einem Essay von <a href=\"https:\/\/www.zeit.de\/autoren\/U\/Bernd_Ulrich\/index.xml\" rel=\"author\" data-ct-column=\"1_of_1\" data-ct-subcolumn=\"false\" data-vars-url=\"www.zeit.de\/autoren\/U\/Bernd_Ulrich\/index.xml\">Bernd Ulrich<\/a>, dem stellvertretenden Chefredakteur der Zeit &#8220;<a href=\"https:\/\/www.zeit.de\/amp\/politik\/deutschland\/2019-10\/klimaschutz-klimapaket-oekologie-groko-demokratie-bundesregierung\">Von der Angst diktiert<\/a>&#8221;<\/p>\n<blockquote><p>Was die politische Klasse gelernt hat, das ist die gro\u00dfe Lektion des 20. Jahrhunderts, n\u00e4mlich, wie man sich der Zerst\u00f6rung der Demokratie durch ihre geistigen Feinde erwehren kann. Was sie und was wir alle dagegen nicht gelernt haben: wie man die Zerst\u00f6rung der Demokratie durch das Verschwinden der tats\u00e4chlich vorhandenen Wahlm\u00f6glichkeiten verhindert. Das w\u00e4re dann die zweite unabdingbare Lektion, die des 21. Jahrhunderts. Statt von &#8220;\u00d6kodiktatur&#8221; zu faseln, sollte man sich lieber Gedanken dar\u00fcber machen, wie eine \u00d6kodemokratie aussehen k\u00f6nnte.<\/p><\/blockquote>\n<p>Die beste Antwort auf \u00d6kodiktatur? Gegeben von Ingolfur Bl\u00fchdorn (Wien)<\/p>\n<blockquote><p>Es ist unbedingt erforderlich, in manchen Bereichen verbindliche Grenzen f\u00fcr Freiheits- und Selbstbestimmungsanspr\u00fcche zu formulieren, und das hat \u00fcberhaupt nichts mit Diktatur zu tun. Vielmehr ist es die ureigenste Aufgabe jeder Politik, zu regulieren. Jede Freiheit muss Grenzen haben, damit sie nicht ihrerseits umschl\u00e4gt in die totale Herrschaft sehr weniger &#8220;v\u00f6llig Befreiter&#8221;. Da sind sich alle Theoretiker und Philosophen bis zur\u00fcck zu Platon immer einig gewesen.<br \/>\nBewegungen, die f\u00fcr mehr Freiheit gestritten haben, hatten auch nie eine v\u00f6llige Entgrenzung und Z\u00fcgellosigkeit zum Ziel. Sie sind zum Beispiel immer davon ausgegangen, dass die Freiheit des einen da aufh\u00f6rt, wo sie die des anderen blockiert. Und sie sind vor allem immer davon ausgegangen, dass es eine soziale und \u00f6kologische Vernunft gibt, auf deren Grundlage moderne Gesellschaften sich demokratisch \u00fcber die Beschr\u00e4nkung der Freiheit einigen k\u00f6nnen.<\/p><\/blockquote>\n\n<p>&nbsp;<\/p>\n<div class=\"bottom-note\">\n  <span class=\"mod1\">CC-BY-NC Science Surf , accessed 27.04.2026<\/span>\n <\/div>","protected":false},"excerpt":{"rendered":"<p>Eine Diktatur wird durch eine einzelne regierende Person oder eine Gruppe mit\u00a0 politischer Macht ausge\u00fcbt und nicht durch Sachzw\u00e4nge.\u00a0 Die angeblich &#8220;normative Kraft des Faktischen&#8221; ist nur selten eine tats\u00e4chlich Beschr\u00e4nkung der Handlungsoptionen. Der Begriff der \u00d6kodiktatur ist rechtspopulistisch (Meyer\/Cicero, Frisch\/Zeitzeichen, &#8230;) und das Beste, was man dazu sagen kann, steht in einem Essay von &hellip; <a href=\"https:\/\/www.wjst.de\/blog\/sciencesurf\/2019\/10\/okodiktatur\/\" class=\"more-link\">Continue reading <span class=\"screen-reader-text\">\u00d6kodiktatur<\/span> <span class=\"meta-nav\">&rarr;<\/span><\/a><\/p>\n","protected":false},"author":1,"featured_media":0,"comment_status":"closed","ping_status":"open","sticky":false,"template":"","format":"standard","meta":{"footnotes":""},"categories":[20],"tags":[],"class_list":["post-13661","post","type-post","status-publish","format-standard","hentry","category-note-worthy"],"_links":{"self":[{"href":"https:\/\/www.wjst.de\/blog\/wp-json\/wp\/v2\/posts\/13661","targetHints":{"allow":["GET"]}}],"collection":[{"href":"https:\/\/www.wjst.de\/blog\/wp-json\/wp\/v2\/posts"}],"about":[{"href":"https:\/\/www.wjst.de\/blog\/wp-json\/wp\/v2\/types\/post"}],"author":[{"embeddable":true,"href":"https:\/\/www.wjst.de\/blog\/wp-json\/wp\/v2\/users\/1"}],"replies":[{"embeddable":true,"href":"https:\/\/www.wjst.de\/blog\/wp-json\/wp\/v2\/comments?post=13661"}],"version-history":[{"count":6,"href":"https:\/\/www.wjst.de\/blog\/wp-json\/wp\/v2\/posts\/13661\/revisions"}],"predecessor-version":[{"id":13960,"href":"https:\/\/www.wjst.de\/blog\/wp-json\/wp\/v2\/posts\/13661\/revisions\/13960"}],"wp:attachment":[{"href":"https:\/\/www.wjst.de\/blog\/wp-json\/wp\/v2\/media?parent=13661"}],"wp:term":[{"taxonomy":"category","embeddable":true,"href":"https:\/\/www.wjst.de\/blog\/wp-json\/wp\/v2\/categories?post=13661"},{"taxonomy":"post_tag","embeddable":true,"href":"https:\/\/www.wjst.de\/blog\/wp-json\/wp\/v2\/tags?post=13661"}],"curies":[{"name":"wp","href":"https:\/\/api.w.org\/{rel}","templated":true}]}}