{"id":14073,"date":"2019-11-04T16:56:23","date_gmt":"2019-11-04T16:56:23","guid":{"rendered":"http:\/\/www.wjst.de\/blog\/?p=14073"},"modified":"2019-11-07T09:07:24","modified_gmt":"2019-11-07T09:07:24","slug":"mobilitat-der-zukunft-gemeinsam-gestalten","status":"publish","type":"post","link":"https:\/\/www.wjst.de\/blog\/sciencesurf\/2019\/11\/mobilitat-der-zukunft-gemeinsam-gestalten\/","title":{"rendered":"Mobilit\u00e4t der Zukunft gemeinsam gestalten"},"content":{"rendered":"<p>Hier ist mein Mitschrieb der Tagung in <a href=\"https:\/\/www.ev-akademie-tutzing.de\/\">Tutzing<\/a> vom 3. bis 4.11. 2019.<\/p>\n<p>Die Tagung wurde gemeinsam von <a href=\"https:\/\/www.acatech.de\/\">acatech<\/a>, der deutschen Akademie der Technikwissenschaften, und <a href=\"https:\/\/www.evtheol.uni-muenchen.de\/forschung\/forschungsstellen\/ttn\/index.html\">TTN Ethik interdisziplin\u00e4r<\/a> veranstaltet. In der Begr\u00fc\u00dfung durch Stephan Schleissing (TTN) und Benjamin Zilker (acatech) wurden generelle Aspekte der Mobilit\u00e4t thematisiert.<\/p>\n<figure id=\"attachment_14094\" aria-describedby=\"caption-attachment-14094\" style=\"width: 1000px\" class=\"wp-caption alignnone\"><a href=\"https:\/\/www.wjst.de\/blog\/wp-content\/uploads\/2019\/11\/20191103_151624_DSCF4570.jpg\" data-rel=\"key-image-0\" data-rl_title=\"\" data-rl_caption=\"\" title=\"\"><img loading=\"lazy\" decoding=\"async\" class=\"wp-image-14094 size-full\" src=\"https:\/\/www.wjst.de\/blog\/wp-content\/uploads\/2019\/11\/20191103_151624_DSCF4570.jpg\" alt=\"\" width=\"1000\" height=\"1000\" srcset=\"https:\/\/www.wjst.de\/blog\/wp-content\/uploads\/2019\/11\/20191103_151624_DSCF4570.jpg 1000w, https:\/\/www.wjst.de\/blog\/wp-content\/uploads\/2019\/11\/20191103_151624_DSCF4570-150x150.jpg 150w, https:\/\/www.wjst.de\/blog\/wp-content\/uploads\/2019\/11\/20191103_151624_DSCF4570-620x620.jpg 620w, https:\/\/www.wjst.de\/blog\/wp-content\/uploads\/2019\/11\/20191103_151624_DSCF4570-768x768.jpg 768w, https:\/\/www.wjst.de\/blog\/wp-content\/uploads\/2019\/11\/20191103_151624_DSCF4570-500x500.jpg 500w\" sizes=\"auto, (max-width: 1000px) 100vw, 1000px\" \/><\/a><figcaption id=\"caption-attachment-14094\" class=\"wp-caption-text\">Stephan Schleissing, TTN M\u00fcnchen<\/figcaption><\/figure>\n<p>Von <a href=\"https:\/\/de.wikipedia.org\/wiki\/Richard_Rothe\">Rothe<\/a> (&#8220;feste \u00dcberzeugung, da\u00df dem Reiche Christi die Er- findung der Dampfwagen und Schienenbahnen eine weit bedeutendere positive F\u00f6rderung geleistet hat als die Auskl\u00fcgelung der Dogmen von Nic\u00e4a und Chalcedon&#8221;) bis zu Schwarke &#8220;<a href=\"https:\/\/www.amazon.de\/Technik-Transzendenz-Verh%C3%A4ltnis-Religion-Gesellschaft\/dp\/3170221523\">Transzendenz und Technik<\/a>&#8220;. Oder vom <a href=\"https:\/\/www.porsche.com\/museum\/de\/\">Porschemuseum<\/a> mit der Himmelsleiter aka Rolltreppe bis zu dem <a href=\"https:\/\/blog.mooncascade.com\/creating-a-future-mobility-solution-dont-forget-the-elderly\/\">Mooncascade Blog<\/a> in dem sich zwei \u00e4lteren Herren \u00fcber Mobilit\u00e4t unterhalten.<\/p>\n<p><!--nextpage--><\/p>\n<figure id=\"attachment_14095\" aria-describedby=\"caption-attachment-14095\" style=\"width: 1000px\" class=\"wp-caption alignnone\"><a href=\"https:\/\/www.wjst.de\/blog\/wp-content\/uploads\/2019\/11\/20191103_154414_DSCF4571.jpg\" data-rel=\"key-image-1\" data-rl_title=\"\" data-rl_caption=\"\" title=\"\"><img loading=\"lazy\" decoding=\"async\" class=\"wp-image-14095 size-full\" src=\"https:\/\/www.wjst.de\/blog\/wp-content\/uploads\/2019\/11\/20191103_154414_DSCF4571.jpg\" alt=\"\" width=\"1000\" height=\"1000\" srcset=\"https:\/\/www.wjst.de\/blog\/wp-content\/uploads\/2019\/11\/20191103_154414_DSCF4571.jpg 1000w, https:\/\/www.wjst.de\/blog\/wp-content\/uploads\/2019\/11\/20191103_154414_DSCF4571-150x150.jpg 150w, https:\/\/www.wjst.de\/blog\/wp-content\/uploads\/2019\/11\/20191103_154414_DSCF4571-620x620.jpg 620w, https:\/\/www.wjst.de\/blog\/wp-content\/uploads\/2019\/11\/20191103_154414_DSCF4571-768x768.jpg 768w, https:\/\/www.wjst.de\/blog\/wp-content\/uploads\/2019\/11\/20191103_154414_DSCF4571-500x500.jpg 500w\" sizes=\"auto, (max-width: 1000px) 100vw, 1000px\" \/><\/a><figcaption id=\"caption-attachment-14095\" class=\"wp-caption-text\">Weert Canzler, Wissenschaftszentrum Berlin<\/figcaption><\/figure>\n<p>Weert Canzler setzte mit &#8220;Die zuk\u00fcnftige Rolle des Autos in der intermodalen Mobilit\u00e4t&#8221; erste Massst\u00e4be mit einem bildgewaltigen Vortrag. Gab es einst einen Konsens dar\u00fcber in der Gesellschaft, ist das Auto nun das Sorgenkind der Gesellschaft geworden. Autos wurden nicht nur immer mehr, sondern sie wurden auch immer gr\u00f6sser, illustriert an Fiat 500, Mini und Porsche 911. Ist wirklich Digitalisierung die L\u00f6sung? Oder die Sharing Economy? Der technische Fortschritt ist jedenfalls gro\u00df, gezeigt am Beispiel der Sion Solarzellen <a href=\"https:\/\/sonomotors.com\/de\/sion\/?lang=de\">\/ Sono Motors<\/a>.<br \/>\nIst der Fortschritt nun Teil des Problems oder Teil der L\u00f6sung?<br \/>\nBisher sind die Parkraumpreise in Deutschland allenfals die Verwaltungsgeb\u00fchren und keine echten Preise f\u00fcr die Benutzung des \u00f6ffentlichen Raumes. In Berlin kostet die Jahresplakette 10\u20ac, in Stockholm 827\u20ac (Quelle <a href=\"https:\/\/www.agora-verkehrswende.de\/fileadmin\/Projekte\/2018\/Zukunftsfragen_des_Parkraummanagements\/02_Winkler_Agora-Verkehrswende_Parken_WIA_20190226.pdf\">Agora Wien<\/a>).\u00a0 W\u00e4hrend sich die \u00d6PNV Preise in den letzten 15 Jahren um 60% erh\u00f6ht haben, blieben die Parkraumpreise exakt gleich. Dabei ziehen mittlerweile die St\u00e4dte immer mehr die Parkausweise ein, allein Amserdam 1.200 mal seit dem 1.7.2019. Br\u00fcssel will bis 2030 rund 65.000 Parkpl\u00e4tze streichen. Der Modalsplit (nach <a href=\"https:\/\/www.agora-verkehrswende.de\/fileadmin\/Projekte\/2018\/Zukunftsfragen_des_Parkraummanagements\/02_Winkler_Agora-Verkehrswende_Parken_WIA_20190226.pdf\">Follmer 2019<\/a>) verschiebt sich dabei immer mehr vom Auto weg, zumal auch viele junge Erwachsene keinen F\u00fchrerschein mehr machen. Radfahren wird selbstverst\u00e4ndlicher, selbst <a href=\"https:\/\/de.wikipedia.org\/wiki\/Mark_Rutte\">Mark Rutte<\/a>\u00a0f\u00e4hrt mit Fahrrad zu seinem Amtssitz. Auf dem Land wird man in Zukunft wohl elektrisch fahren, in der Stadt aber eher mit dem Rad.<\/p>\n<p><!--nextpage--><\/p>\n<figure id=\"attachment_14096\" aria-describedby=\"caption-attachment-14096\" style=\"width: 1000px\" class=\"wp-caption alignnone\"><a href=\"https:\/\/www.wjst.de\/blog\/wp-content\/uploads\/2019\/11\/20191103_171353_DSCF4580.jpg\" data-rel=\"key-image-2\" data-rl_title=\"\" data-rl_caption=\"\" title=\"\"><img loading=\"lazy\" decoding=\"async\" class=\"wp-image-14096 size-full\" src=\"https:\/\/www.wjst.de\/blog\/wp-content\/uploads\/2019\/11\/20191103_171353_DSCF4580.jpg\" alt=\"\" width=\"1000\" height=\"1000\" srcset=\"https:\/\/www.wjst.de\/blog\/wp-content\/uploads\/2019\/11\/20191103_171353_DSCF4580.jpg 1000w, https:\/\/www.wjst.de\/blog\/wp-content\/uploads\/2019\/11\/20191103_171353_DSCF4580-150x150.jpg 150w, https:\/\/www.wjst.de\/blog\/wp-content\/uploads\/2019\/11\/20191103_171353_DSCF4580-620x620.jpg 620w, https:\/\/www.wjst.de\/blog\/wp-content\/uploads\/2019\/11\/20191103_171353_DSCF4580-768x768.jpg 768w, https:\/\/www.wjst.de\/blog\/wp-content\/uploads\/2019\/11\/20191103_171353_DSCF4580-500x500.jpg 500w\" sizes=\"auto, (max-width: 1000px) 100vw, 1000px\" \/><\/a><figcaption id=\"caption-attachment-14096\" class=\"wp-caption-text\">Martina Kohlhuber, acatech<\/figcaption><\/figure>\n<p>Martina Kohlhuber entwickelte mit &#8220;<a href=\"https:\/\/www.acatech.de\/projekt\/neue-automobilitaet-ii-kooperativer-strassenverkehr-und-intelligente-verkehrssteuerung-fuer-die-mobilitaet-der-zukunft\/\">Neue autoMobilita\u0308t II<\/a> &#8211; Aktuelle Studie mit Zukunftsbildern der Mobilita\u0308t von acatech&#8221; dazu ein Kontrastprogramm. Das &#8220;a&#8221; in autoMobilita\u0308t wurde zwar kleingeschrieben, die Zukunftsstudie hob dann aber doch prim\u00e4r die autonome\/automobile Mobilit\u00e4t hevor. Trotz Skepsis dem autonomen Fahren gegen\u00fcber wird diese Technik kommen, allerdings sp\u00e4ter als jetzt angenommen, da es innerhalb der St\u00e4dte gro\u00dfe technische H\u00fcrden bei der Sicherheit zu \u00fcberwinden gibt. Da ausserhalb der Metropolen Car Sharing keine Rolle spielt, wird es wohl zu geteilter Mobilit\u00e4t kommen mit gro\u00dfen Hubs zum Umsteigen. Ziele sind, so Kohlhuber, eine hohe Leistungsf\u00e4higkeit des Verkehrs, mehr Lebenswert, bessere Verkehrsssicherheit und bessere Klimavertr\u00e4glichkeit.<\/p>\n<figure id=\"attachment_14104\" aria-describedby=\"caption-attachment-14104\" style=\"width: 264px\" class=\"wp-caption alignleft\"><a href=\"https:\/\/www.wjst.de\/blog\/wp-content\/uploads\/2019\/11\/acatech_Neue-autoMobilit\u00e4t_Teaser.png\" data-rel=\"key-image-3\" data-rl_title=\"\" data-rl_caption=\"\" title=\"\"><img loading=\"lazy\" decoding=\"async\" class=\"wp-image-14104 \" src=\"https:\/\/www.wjst.de\/blog\/wp-content\/uploads\/2019\/11\/acatech_Neue-autoMobilit\u00e4t_Teaser.png\" alt=\"\" width=\"264\" height=\"185\" srcset=\"https:\/\/www.wjst.de\/blog\/wp-content\/uploads\/2019\/11\/acatech_Neue-autoMobilit\u00e4t_Teaser.png 1000w, https:\/\/www.wjst.de\/blog\/wp-content\/uploads\/2019\/11\/acatech_Neue-autoMobilit\u00e4t_Teaser-620x434.png 620w, https:\/\/www.wjst.de\/blog\/wp-content\/uploads\/2019\/11\/acatech_Neue-autoMobilit\u00e4t_Teaser-768x538.png 768w, https:\/\/www.wjst.de\/blog\/wp-content\/uploads\/2019\/11\/acatech_Neue-autoMobilit\u00e4t_Teaser-714x500.png 714w\" sizes=\"auto, (max-width: 264px) 100vw, 264px\" \/><\/a><figcaption id=\"caption-attachment-14104\" class=\"wp-caption-text\">Acatech Studie<\/figcaption><\/figure>\n<p>Einzelaspekte der acatech Studie sind dynamische Fahrspurenaufteilung, oder auch \u00f6konomische Verkehrssteuerung durch data sharing. Eine dynamische Preisgestaltung wird Schwerlastzeiten entzerren und zu einer produktiven Fl\u00e4chennutzung f\u00fchren. Autos dienen als mobile Stromspeicher, Container werden im vernetzten G\u00fcterfernverkehr verladen oder gekoppelt (Platooning), auf der letzten Meile k\u00f6nnten Paketlieferungen geb\u00fcndelt werden.<br \/>\nIn der Diskussion werden allzu optimistische Erwartungen und zuwenig Interesse am k\u00fcnftigen Modalsplit kritisiert.\u00a0 Bislang geh\u00f6rt der \u00d6PNV auch nicht \u00fcberall zur Daseinsvorsorge&#8230;<\/p>\n<p><!--nextpage--><\/p>\n<figure id=\"attachment_14097\" aria-describedby=\"caption-attachment-14097\" style=\"width: 1000px\" class=\"wp-caption alignnone\"><a href=\"https:\/\/www.wjst.de\/blog\/wp-content\/uploads\/2019\/11\/20191103_181538_DSCF4585.jpg\" data-rel=\"key-image-4\" data-rl_title=\"\" data-rl_caption=\"\" title=\"\"><img loading=\"lazy\" decoding=\"async\" class=\"wp-image-14097 size-full\" src=\"https:\/\/www.wjst.de\/blog\/wp-content\/uploads\/2019\/11\/20191103_181538_DSCF4585.jpg\" alt=\"\" width=\"1000\" height=\"1000\" srcset=\"https:\/\/www.wjst.de\/blog\/wp-content\/uploads\/2019\/11\/20191103_181538_DSCF4585.jpg 1000w, https:\/\/www.wjst.de\/blog\/wp-content\/uploads\/2019\/11\/20191103_181538_DSCF4585-150x150.jpg 150w, https:\/\/www.wjst.de\/blog\/wp-content\/uploads\/2019\/11\/20191103_181538_DSCF4585-620x620.jpg 620w, https:\/\/www.wjst.de\/blog\/wp-content\/uploads\/2019\/11\/20191103_181538_DSCF4585-768x768.jpg 768w, https:\/\/www.wjst.de\/blog\/wp-content\/uploads\/2019\/11\/20191103_181538_DSCF4585-500x500.jpg 500w\" sizes=\"auto, (max-width: 1000px) 100vw, 1000px\" \/><\/a><figcaption id=\"caption-attachment-14097\" class=\"wp-caption-text\">Helmut Holzapfel, Zentrum Mobilit\u00e4tskultur, Kassel<\/figcaption><\/figure>\n<p>&#8220;Der Hype um Mobilit\u00e4t und die Lebensqualit\u00e4t in unseren Siedlungen der Zukunft&#8221; war das Thema von Helmut Holzapfel ausgehend von <a href=\"https:\/\/en.wikipedia.org\/wiki\/Traffic_in_Towns\">Buchanan\/Traffic in Towns<\/a>. Die deutsche Stadtplanung hat sich direkt aus dem Faschismus in die junge Bundesrepublik entwickelt, in der 9 von 10 Verkehrsplanern Nationalsozialisten waren.<br \/>\nViele gute technische Entwicklungen sind allerdings durch einen Rebound wieder kompensiert worden. Auch wenn technische Massnahmen wichtig sind, so reichen sie dennoch nicht aus; Autos sind nur ein Faktor der Mobilit\u00e4t. E-Fahrzeuge bringen andere Probleme, Stichwort Dunkelflaute oder mehr Abrieb durch das h\u00f6here Gewicht. Es gibt zu wenig Debatte zur Sozialvertr\u00e4glichkeit, so auch Henning Kagermann &#8220;<a href=\"https:\/\/www.zeit.de\/mobilitaet\/2019-02\/henning-kagermann-tempolimit-andreas-scheuer-verkehrspolitik\">Deutschland ist Autoland<\/a>&#8220;. Die meisten Fahrten werden immer noch durch M\u00e4nner der Oberschicht durchgef\u00fchrt. &#8220;Wer nur \u00fcber das Auto redet, hat schon verloren&#8221;, &#8220;es geht um das Leben in St\u00e4dten von Fu\u00dfg\u00e4ngern und Radfahrern&#8221;, so auch ein Kunstprojekt in Kassel, bei dem eine Gruppe von Studenten Autofenster durch die Strassen getragen hat.<br \/>\nEine interessante Grafik zeigt die Abh\u00e4ngigkeit von Verkehr vor der Wohnung und Zahl der Freunde (nach <a href=\"http:\/\/writingcities.com\/2015\/07\/23\/donald-appleyard-on-creating-livable-streets\/\">Appleyard. Livable Streets 1981<\/a>, p 21). Die Strasse ist immer da, aber Gehwege fehlen dann doch manchmal.<br \/>\nFr\u00fcher kam man wenig oder nie aus dem Ort heraus, heute machte man Selfies auf dem Markusplatz; 97% sehen zu, wie 3% fliegen.<br \/>\nPolitisch jedenfalls m\u00fcssten wir unsere Wegstrecken halbieren. Kopenhagen ist nicht von alleine so sch\u00f6n geworden. Autofirmen m\u00fcssen in Zukunft auch nicht nur Autos konstruieren, sondern auch Statdtplanung machen sonst geht die ganze Diskussion um Hyperloop, Robotaxi, digitale Transformation ins Leere.<br \/>\nEs braucht eine Renaissance des \u00f6ffentlichen Raumes und nicht noch mehr Elterntaxis, die ihre Kinder vor den vielen Elterntaxis sch\u00fctzen wollen. Fluch und Segen sollte man unterscheiden lernen.<\/p>\n<p><!--nextpage--><\/p>\n<figure id=\"attachment_14098\" aria-describedby=\"caption-attachment-14098\" style=\"width: 1000px\" class=\"wp-caption alignnone\"><a style=\"font-weight: bold; background-color: transparent;\" href=\"https:\/\/www.wjst.de\/blog\/wp-content\/uploads\/2019\/11\/20191103_204437_DSCF4594.jpg\" data-rel=\"key-image-5\" data-rl_title=\"\" data-rl_caption=\"\" title=\"\"><img loading=\"lazy\" decoding=\"async\" class=\"wp-image-14098 size-full\" src=\"https:\/\/www.wjst.de\/blog\/wp-content\/uploads\/2019\/11\/20191103_204437_DSCF4594.jpg\" alt=\"\" width=\"1000\" height=\"1000\" srcset=\"https:\/\/www.wjst.de\/blog\/wp-content\/uploads\/2019\/11\/20191103_204437_DSCF4594.jpg 1000w, https:\/\/www.wjst.de\/blog\/wp-content\/uploads\/2019\/11\/20191103_204437_DSCF4594-150x150.jpg 150w, https:\/\/www.wjst.de\/blog\/wp-content\/uploads\/2019\/11\/20191103_204437_DSCF4594-620x620.jpg 620w, https:\/\/www.wjst.de\/blog\/wp-content\/uploads\/2019\/11\/20191103_204437_DSCF4594-768x768.jpg 768w, https:\/\/www.wjst.de\/blog\/wp-content\/uploads\/2019\/11\/20191103_204437_DSCF4594-500x500.jpg 500w\" sizes=\"auto, (max-width: 1000px) 100vw, 1000px\" \/><\/a><figcaption id=\"caption-attachment-14098\" class=\"wp-caption-text\">Podiumsdiskussion von links Sylvia Hladky (Klimaherbst), Benjamin Zilker (acatech), Bernd Bante (AUDI AG)<\/figcaption><\/figure>\n<p>Die Podiumsdikussion am Abend stand unter dem Thema: &#8220;Was steht auf der verkehrspolitischen Agenda von Wirtschaft und Zivilgesellschaft?&#8221; Im Gespr\u00e4ch waren hier Bernd Bante (Politik, Digitalisierung, Alternative Antriebe bei der AUDI) ; Bejamin Zilker von acatech und Sylvia Hladky, Netzwerk Klimaherbst e.V.<br \/>\n<span style=\"text-decoration: underline;\">Bante<\/span> begann mit einer Serie von Zahlen, Besch\u00e4ftigte, Umsatz, Produktionszahlen, 6% der Deutschen lebt vom Auto. Zitat &#8220;Ich freue mich \u00fcber jeden SUV der verkauft wird, denn davon bezahle ich die Ausbildung meiner Kinder&#8221;. Die aktuelle Strategie ist daher, <a href=\"https:\/\/www.n-tv.de\/wirtschaft\/Audi-dampft-deutsche-Produktion-ein-article21373351.html\">die Zahl der Elektroautos massiv zu steigern<\/a>, allerdings braucht ein Fahrzeug rund vier Jahre Entwicklungszeit. Man sollte dabei auch nicht vergessen, dass auch ein E-Fahrzeug nicht CO2-neutral hergestellt wird, was <a href=\"https:\/\/www.audi-mediacenter.com\/de\/pressemitteilungen\/audi-brussels-erhaelt-zertifikat-fuer-co2-neutrale-automobilproduktion-9914\">AUDI allerdings nun in Br\u00fcssel gelungen ist<\/a>. Autohersteller brauchen den Massenmarkt, es fehlt aber noch an Infrastruktur. In M\u00fcnchen sind im Werksviertel 7.000 neue Arbeitspl\u00e4tze geplant. Und falls doch Belegschaft reduziert werden muss &#8211; dann muss das sozialvertr\u00e4glich passieren.<br \/>\n<span style=\"text-decoration: underline;\">Hladky<\/span> (<a href=\"https:\/\/klimaherbst.de\/vorstand\/\">Klimaherbst<\/a>) zeigte ein etwas anderes Bild der Mobilit\u00e4t ausgehend von der aktuellen Diskussion um Klimafragen. Wenn die aktuellen Gigatonnen CO2 heruntergebrochen werden auf den Einzelnen, bleiben jedem noch 80 t CO2 oder noch 7 Jahre bei aktuell ungehindertem Verbrauch. Danach gibt es zwei Varianten, eine weiter ungebremste oder eine noch mehr beschleunigte Temperaturzunahme falls die Kippunkte \u00fcberschritten werden.<br \/>\nBei einem nicht repr\u00e4sentativen Stimmungsbild wurden M\u00fcnchner zu Luftreinhaltung, Mobilit\u00e4t und CO2 befragt. Autofreie Quartiere waren dabei der Spitzenreiter, an zweiter Stelle stand eine andere Prioritisierung der Verkehrsteilnehmer und an dritter Stelle wurde ein kostenloser \u00d6PNV genannt.<br \/>\nWie M\u00fcnchen 2030 aussieht? Es ist eine Quadratur des Kreises, so Hladky, R\u00e4ume m\u00fcssen neu aufgeteilt werden, R\u00e4ume m\u00fcssen neu &#8220;bepreist&#8221; werden. Das steht zwar hoch in der Gunst der \u00d6ffentlichkeit, aber nicht so hoch in der Gunst der Politik.<br \/>\nNeben neuen Formen der B\u00fcrgerbeteiligung wird das nicht immer einfache Verh\u00e4ltnis zwischen gew\u00e4hlten politischen Vertretern und NGOs bzw B\u00fcrgerwekst\u00e4tten thematisiert; leider gibt es zu jeder Meinung auch eine &#8220;passende&#8221; Umfrage.<br \/>\nWichtig erscheint dem Plenum, die B\u00fcrokratie zu &#8220;entr\u00fcmpeln&#8221;.<br \/>\nWie sozial muss die Stadt der Zukunft sein? Canzler h\u00e4lt auch die Klimafrage f\u00fcr die wichtigste Frage. &#8220;<strong>Im Augenblick leisten wir uns 200 Millionen Autositze f\u00fcr 80 Millionen B\u00fcrger<\/strong>&#8220;. &#8220;Ein gr\u00fcner Verkehrsminister&#8221; w\u00e4re mal ein Novum nach den aff\u00e4renbeladenen Ministern wie Zimmermann, Krause, Wissmann, Ramsauer, Dobrindt und Scheuer.<\/p>\n<p><!--nextpage--><\/p>\n<figure id=\"attachment_14099\" aria-describedby=\"caption-attachment-14099\" style=\"width: 1000px\" class=\"wp-caption alignnone\"><a href=\"https:\/\/www.wjst.de\/blog\/wp-content\/uploads\/2019\/11\/20191104_101405_DSCF4600.jpg\" data-rel=\"key-image-6\" data-rl_title=\"\" data-rl_caption=\"\" title=\"\"><img loading=\"lazy\" decoding=\"async\" class=\"wp-image-14099 size-full\" src=\"https:\/\/www.wjst.de\/blog\/wp-content\/uploads\/2019\/11\/20191104_101405_DSCF4600.jpg\" alt=\"\" width=\"1000\" height=\"1000\" srcset=\"https:\/\/www.wjst.de\/blog\/wp-content\/uploads\/2019\/11\/20191104_101405_DSCF4600.jpg 1000w, https:\/\/www.wjst.de\/blog\/wp-content\/uploads\/2019\/11\/20191104_101405_DSCF4600-150x150.jpg 150w, https:\/\/www.wjst.de\/blog\/wp-content\/uploads\/2019\/11\/20191104_101405_DSCF4600-620x620.jpg 620w, https:\/\/www.wjst.de\/blog\/wp-content\/uploads\/2019\/11\/20191104_101405_DSCF4600-768x768.jpg 768w, https:\/\/www.wjst.de\/blog\/wp-content\/uploads\/2019\/11\/20191104_101405_DSCF4600-500x500.jpg 500w\" sizes=\"auto, (max-width: 1000px) 100vw, 1000px\" \/><\/a><figcaption id=\"caption-attachment-14099\" class=\"wp-caption-text\">Jessica Le Bris, Green City, M\u00fcnchen<\/figcaption><\/figure>\n<p>Jessica Le Bris, Mobilit\u00e4t &amp; Verkehr bei Green City Experience, sprach \u00fcber &#8220;Transformation durch Kommunikation&#8221;, eine Darstellung ihrer Doktorarbeit, nachzulesen bei <a href=\"https:\/\/publikationen.uni-tuebingen.de\/xmlui\/bitstream\/handle\/10900\/71968\/Mobilit%c3%a4tspraxis_Pedelecs_LeBris.pdf?sequence=1&amp;isAllowed=y\">publikationen.uni-tuebingen.de<\/a> <a href=\"https:\/\/www.wjst.de\/blog\/wp-content\/uploads\/2019\/11\/screen-1.png\" data-rel=\"key-image-7\" data-rl_title=\"\" data-rl_caption=\"\" title=\"\"><img loading=\"lazy\" decoding=\"async\" class=\"wp-image-14115 alignleft\" src=\"https:\/\/www.wjst.de\/blog\/wp-content\/uploads\/2019\/11\/screen-1.png\" alt=\"\" width=\"268\" height=\"253\" srcset=\"https:\/\/www.wjst.de\/blog\/wp-content\/uploads\/2019\/11\/screen-1.png 729w, https:\/\/www.wjst.de\/blog\/wp-content\/uploads\/2019\/11\/screen-1-620x586.png 620w, https:\/\/www.wjst.de\/blog\/wp-content\/uploads\/2019\/11\/screen-1-529x500.png 529w\" sizes=\"auto, (max-width: 268px) 100vw, 268px\" \/><\/a> Le Bris erl\u00e4utert an dem nebenstehenden Schema von Wissen und Sinn, Materialit\u00e4t (der Wirklichkeit) und dem sozialen Lebenskontext die Schnittpunkte, dem &#8220;habituellen Skript&#8221;. Prim\u00e4r ging es dabei um Kommunikationsprozessewie PR, Vortr\u00e4ge, Trainingseinheiten, Kampagnen. Wichtig ist das Ziel und die Botschaft, die &#8220;entabstrahiert&#8221; und operationalisiert werden soll.<br \/>\nEs gibt dabei einen gro\u00dfen Kampf um Aufmerksamkeit, der Mensch muss die Botschaften \u00fcber viele Kan\u00e4le h\u00f6ren, am besten 7fach. Keiner will dabei einen Zeigefinger sehen, Bilder m\u00fcssen positive Assoziationen wecken. Gemeinschaft wie Radlnacht oder Streetlife wird positiv erlebt. Vorbilder sind die Prinzessinnen in D\u00e4nemark, die mit ihren Kindern Rad fahren.<br \/>\nEs braucht Akteure und eine Kultur des Wandels. Kommunikation ist nicht der einzige Heilsbringer, denn es braucht eine nachhaltige Transformation.<br \/>\nIn der Diskussion wird &#8220;Radlhauptstadt&#8221;-Kampagne von Greencity kritisiert, die zwar die Kommunikationsaspekte ber\u00fccksichtigte, aber fast nichts an der Situation von Radfahrer\/innen in der Stadt ge\u00e4ndert hat (Green City &#8220;spin doctor&#8221;).<\/p>\n<p><!--nextpage--><\/p>\n<figure id=\"attachment_14100\" aria-describedby=\"caption-attachment-14100\" style=\"width: 1000px\" class=\"wp-caption alignnone\"><a href=\"https:\/\/www.wjst.de\/blog\/wp-content\/uploads\/2019\/11\/20191104_121116_DSCF4614.jpg\" data-rel=\"key-image-8\" data-rl_title=\"\" data-rl_caption=\"\" title=\"\"><img loading=\"lazy\" decoding=\"async\" class=\"wp-image-14100 size-full\" src=\"https:\/\/www.wjst.de\/blog\/wp-content\/uploads\/2019\/11\/20191104_121116_DSCF4614.jpg\" alt=\"\" width=\"1000\" height=\"1000\" srcset=\"https:\/\/www.wjst.de\/blog\/wp-content\/uploads\/2019\/11\/20191104_121116_DSCF4614.jpg 1000w, https:\/\/www.wjst.de\/blog\/wp-content\/uploads\/2019\/11\/20191104_121116_DSCF4614-150x150.jpg 150w, https:\/\/www.wjst.de\/blog\/wp-content\/uploads\/2019\/11\/20191104_121116_DSCF4614-620x620.jpg 620w, https:\/\/www.wjst.de\/blog\/wp-content\/uploads\/2019\/11\/20191104_121116_DSCF4614-768x768.jpg 768w, https:\/\/www.wjst.de\/blog\/wp-content\/uploads\/2019\/11\/20191104_121116_DSCF4614-500x500.jpg 500w\" sizes=\"auto, (max-width: 1000px) 100vw, 1000px\" \/><\/a><figcaption id=\"caption-attachment-14100\" class=\"wp-caption-text\">Bettina Gundler, Deutsche Museum M\u00fcnchen<\/figcaption><\/figure>\n<p>&#8220;Menschen bewegen \u2013 Mobile Zuk\u00fcnfte kommunizieren&#8221; war das Thema von Bettina Gundler, Hauptabteilung Landverkehr und Verkehrszentrum des Deutschen Museums.<\/p>\n<p>Was kommt in das Museum? Der \u00f6ffentliche Diskurs findet heute auch in Museen statt. 2017 war in M\u00fcnchen die gro\u00dfe Sonderausstellung zu 200 Jahre Radverkehr. Ausgehend davon versucht Gundler eine Antwort 1. auf die Standortfrage, wo wir gerade stehen, 2. Mobilit\u00e4t im \u00f6ffentlichen Diskurs \/ Meinungsbildung und 3. wie mobile Zukunft kommuniziert werden kann. Zur Standortfrage geh\u00f6rt nat\u00fcrlich der \u00f6kologische Fussabdruck und der Ressourcenverbrauch. Mit der Mobilit\u00e4t kommen wir aber nun an Grenzen, Stichworte Dauerstau, Metropolisierung, Overtourism. Technische Museen widmen sich nat\u00fcrgem\u00e4ss auch mehr den technischen Aspekten, Elektro, Digital, Leichtbau, synethetische Kraftstoffe, Recycling. Dennoch gilt: es gibt keine einfachen L\u00f6sungen da es keine einfachen Zusammenh\u00e4nge sind. F\u00fcr eine Verkehrswende m\u00fcsste sich Mobilit\u00e4t vermeiden, verlagern, verbessern. Dabei k\u00f6nnte Klimaschutz durchaus wirtschaftlich sein.<br \/>\nWie soll nun die Zukunft kommuniziert werden, ja welche Zukunft ist es \u00fcberhaupt zwischen Dystopie und Heilsbotschaft? Komplexit\u00e4t denken und verantwortlich handeln &#8230; 47 Millionen E-Autos sind jedenfalls nicht so viel besser als 47 Millionen Verbrenner. Spannend sind vor allem gelungene best practice\u00a0 Beispiele&#8230; Neuere Museumsp\u00e4dagik umfasst auch Apps und interaktive Mobilit\u00e4tsszenarien&#8230;<br \/>\nUtopie (<a href=\"https:\/\/de.wikipedia.org\/wiki\/Utopia_(Roman)\">Thomas Morus<\/a>) als die Gestaltung des vollst\u00e4ndigen Raumes, steht in Abgrenzung von Visionen\u00a0 f\u00fcr kleine Verbesserungen oder der mehr narrativen, spekulativen Science Fiction&#8230;<\/p>\n<p><!--nextpage--><\/p>\n<p>Mobilit\u00e4t der Zukunft gemeinsam gestalten? Ein Resumee f\u00e4llt schwer, da die vorgetragenen Positionen nur schwer vereinbar sind. Ich denke, so wie bisher wird es jedenfalls nicht weiter gehen,\u00a0 dass wir uns weiter &#8220;200 Millionen Autositze f\u00fcr 80 Millionen B\u00fcrger&#8221;\u00a0 leisten. \u00a0Unsere St\u00e4dte brauchen weniger utopische Entw\u00fcrfe als praktische St\u00e4dteplaner, die den \u00f6ffentlichen Raum neu gestalten, denn &#8220;<a href=\"https:\/\/de.wikipedia.org\/wiki\/Radfahren_in_Kopenhagen\">Kopenhagen ist nicht von selbst so sch\u00f6n geworden<\/a>&#8220;.<\/p>\n<p>&nbsp;<\/p>\n<figure id=\"attachment_14101\" aria-describedby=\"caption-attachment-14101\" style=\"width: 1000px\" class=\"wp-caption alignnone\"><a href=\"https:\/\/www.wjst.de\/blog\/wp-content\/uploads\/2019\/11\/20191104_134954_DSCF4625-Pano.jpg\" data-rel=\"key-image-9\" data-rl_title=\"\" data-rl_caption=\"\" title=\"\"><img loading=\"lazy\" decoding=\"async\" class=\"wp-image-14101 size-full\" src=\"https:\/\/www.wjst.de\/blog\/wp-content\/uploads\/2019\/11\/20191104_134954_DSCF4625-Pano.jpg\" alt=\"\" width=\"1000\" height=\"1000\" srcset=\"https:\/\/www.wjst.de\/blog\/wp-content\/uploads\/2019\/11\/20191104_134954_DSCF4625-Pano.jpg 1000w, https:\/\/www.wjst.de\/blog\/wp-content\/uploads\/2019\/11\/20191104_134954_DSCF4625-Pano-150x150.jpg 150w, https:\/\/www.wjst.de\/blog\/wp-content\/uploads\/2019\/11\/20191104_134954_DSCF4625-Pano-620x620.jpg 620w, https:\/\/www.wjst.de\/blog\/wp-content\/uploads\/2019\/11\/20191104_134954_DSCF4625-Pano-768x768.jpg 768w, https:\/\/www.wjst.de\/blog\/wp-content\/uploads\/2019\/11\/20191104_134954_DSCF4625-Pano-500x500.jpg 500w\" sizes=\"auto, (max-width: 1000px) 100vw, 1000px\" \/><\/a><figcaption id=\"caption-attachment-14101\" class=\"wp-caption-text\">Auf dem zwei Hektar gro\u00dfen Grundst\u00fcck entstand um 1840 ein Englischer Garten, der 1870 dann nochmal erweitert und umgestaltet wurde. Zahlreiche Kunstwerke, manche davon noch aus der Sammlung des Kunsth\u00e4ndlers <a href=\"https:\/\/de.wikipedia.org\/wiki\/Marcell_Nemes\">Marcell Nemes<\/a>, der das Schloss bis 1930 besa\u00df, schm\u00fccken die R\u00e4ume und den Park des Schlosses. Wikipedia)<\/figcaption><\/figure>\n\n<p>&nbsp;<\/p>\n<div class=\"bottom-note\">\n  <span class=\"mod1\">CC-BY-NC Science Surf , accessed 29.04.2026<\/span>\n <\/div>","protected":false},"excerpt":{"rendered":"<p>Hier ist mein Mitschrieb der Tagung in Tutzing vom 3. bis 4.11. 2019. Die Tagung wurde gemeinsam von acatech, der deutschen Akademie der Technikwissenschaften, und TTN Ethik interdisziplin\u00e4r veranstaltet. In der Begr\u00fc\u00dfung durch Stephan Schleissing (TTN) und Benjamin Zilker (acatech) wurden generelle Aspekte der Mobilit\u00e4t thematisiert. Von Rothe (&#8220;feste \u00dcberzeugung, da\u00df dem Reiche Christi die &hellip; <a href=\"https:\/\/www.wjst.de\/blog\/sciencesurf\/2019\/11\/mobilitat-der-zukunft-gemeinsam-gestalten\/\" class=\"more-link\">Continue reading <span class=\"screen-reader-text\">Mobilit\u00e4t der Zukunft gemeinsam gestalten<\/span> <span class=\"meta-nav\">&rarr;<\/span><\/a><\/p>\n","protected":false},"author":1,"featured_media":0,"comment_status":"closed","ping_status":"open","sticky":false,"template":"","format":"standard","meta":{"footnotes":""},"categories":[3102],"tags":[3261,3264,3262,3265,3263,3266],"class_list":["post-14073","post","type-post","status-publish","format-standard","hentry","category-one-world","tag-bettina-gundler","tag-helmut-holzapfel","tag-jessica-le-bris","tag-martina-kohlhuber","tag-sylvia-hladky","tag-weert-canzler"],"_links":{"self":[{"href":"https:\/\/www.wjst.de\/blog\/wp-json\/wp\/v2\/posts\/14073","targetHints":{"allow":["GET"]}}],"collection":[{"href":"https:\/\/www.wjst.de\/blog\/wp-json\/wp\/v2\/posts"}],"about":[{"href":"https:\/\/www.wjst.de\/blog\/wp-json\/wp\/v2\/types\/post"}],"author":[{"embeddable":true,"href":"https:\/\/www.wjst.de\/blog\/wp-json\/wp\/v2\/users\/1"}],"replies":[{"embeddable":true,"href":"https:\/\/www.wjst.de\/blog\/wp-json\/wp\/v2\/comments?post=14073"}],"version-history":[{"count":20,"href":"https:\/\/www.wjst.de\/blog\/wp-json\/wp\/v2\/posts\/14073\/revisions"}],"predecessor-version":[{"id":14127,"href":"https:\/\/www.wjst.de\/blog\/wp-json\/wp\/v2\/posts\/14073\/revisions\/14127"}],"wp:attachment":[{"href":"https:\/\/www.wjst.de\/blog\/wp-json\/wp\/v2\/media?parent=14073"}],"wp:term":[{"taxonomy":"category","embeddable":true,"href":"https:\/\/www.wjst.de\/blog\/wp-json\/wp\/v2\/categories?post=14073"},{"taxonomy":"post_tag","embeddable":true,"href":"https:\/\/www.wjst.de\/blog\/wp-json\/wp\/v2\/tags?post=14073"}],"curies":[{"name":"wp","href":"https:\/\/api.w.org\/{rel}","templated":true}]}}