{"id":14725,"date":"2019-12-18T07:55:34","date_gmt":"2019-12-18T07:55:34","guid":{"rendered":"http:\/\/www.wjst.de\/blog\/?p=14725"},"modified":"2022-02-21T11:52:51","modified_gmt":"2022-02-21T09:52:51","slug":"dementi","status":"publish","type":"post","link":"https:\/\/www.wjst.de\/blog\/sciencesurf\/2019\/12\/dementi\/","title":{"rendered":"Dissertation Julian Klingbeil"},"content":{"rendered":"<p>Fr\u00fcher h\u00e4tte man es nicht mitbekommen, wenn man in irgendeiner Dissertation an irgendeiner Stelle falsch zitiert wird. Heute bekommt man es von Google Alert per Mail geschickt. Der letzte Fall im M\u00e4rz 2019 war<\/p>\n<div class=\"page\" data-page-number=\"1\" data-loaded=\"true\">\n<blockquote>\n<div>Nora Schumacher 2019<\/div>\n<div><a href=\"https:\/\/refubium.fu-berlin.de\/bitstream\/handle\/fub188\/23975\/diss_n.schumacher.pdf?sequence=3&amp;isAllowed=y\">Einfluss der Vitamin D-vermittelten Modulation auf die gr\u00e4serpollenspezifischeImmuntherapie<\/a><\/div>\n<div class=\"textLayer\">Aus der Klinik f\u00fcr Dermatologie, Venerologie und Allergologie der Medizinischen Fakult\u00e4t Charit\u00e9 \u2013Universit\u00e4tsmedizin Berlin<br \/>\nDirektor: Prof. Dr. med. Kamran Ghoreschi<\/div>\n<div>Berichterstatterin: Prof. Dr. Margitta Worm<\/div>\n<\/blockquote>\n<\/div>\n<div class=\"page\" data-page-number=\"2\" data-loaded=\"true\">\n<div class=\"canvasWrapper\">Da schreibt die Doktorandin<\/div>\n<\/div>\n<p><a href=\"https:\/\/www.wjst.de\/blog\/wp-content\/uploads\/2019\/12\/screen-14.png\" data-rel=\"key-image-0\" data-rl_title=\"\" data-rl_caption=\"\" title=\"\"><img loading=\"lazy\" decoding=\"async\" class=\"alignnone size-medium wp-image-14737\" src=\"https:\/\/www.wjst.de\/blog\/wp-content\/uploads\/2019\/12\/screen-14-620x61.png\" alt=\"\" width=\"620\" height=\"61\" srcset=\"https:\/\/www.wjst.de\/blog\/wp-content\/uploads\/2019\/12\/screen-14-620x61.png 620w, https:\/\/www.wjst.de\/blog\/wp-content\/uploads\/2019\/12\/screen-14-768x75.png 768w, https:\/\/www.wjst.de\/blog\/wp-content\/uploads\/2019\/12\/screen-14.png 806w\" sizes=\"auto, (max-width: 620px) 100vw, 620px\" \/><\/a><\/p>\n<p>leider das genaue Gegenteil, von dem was ich immer gesagt habe. Who cares?<\/p>\n<p>&nbsp;<\/p>\n<p>Gestern bekomme ich dann diese Dissertation<\/p>\n<blockquote><p>Julian Klingbeil &#8211; 2019<br \/>\n<a href=\"http:\/\/scholar.google.de\/scholar_url?url=https:\/\/edoc.ub.uni-muenchen.de\/24971\/1\/Klingbeil_Julian.pdf&amp;hl=de&amp;sa=X&amp;d=5828429235950928242&amp;scisig=AAGBfm1LR24negaP_w6PhGzRK_rA_O9liA&amp;nossl=1&amp;oi=scholaralrt&amp;hist=-WDQHjm32G4J:7865828751941425645:AAGBfm1MttfCy6lcBzKNkzGBFksnlJhdgg\">ORM-like protein (ORMDL) &#8211; Ann\u00e4herung an die Funktion \u00fcber die Interaktion<\/a><br \/>\nAus der Kinderklinik und Kinderpoliklinik im Dr. von Haunerschen Kinderspital der Ludwig\u2013Maximilians\u2013Universit\u00e4t M\u00fcnchen<br \/>\nDirektor: Prof. Dr. med. Dr. sci. nat. C. Klein Berichterstatterin: Prof. Dr. Ania Muntau<\/p><\/blockquote>\n<p>Abgesehen von dem etwas verschraubten Titel und der Tatsache, dass ich mich mit Protein-Protein Interaktion nicht auskenne, werde ich in der Arbeit sechs Mal zitiert. Und jedesmal falsch.<\/p>\n<p><a href=\"https:\/\/www.wjst.de\/blog\/wp-content\/uploads\/2019\/12\/screen1.png\" data-rel=\"key-image-1\" data-rl_title=\"\" data-rl_caption=\"\" title=\"\"><img loading=\"lazy\" decoding=\"async\" class=\"alignnone size-medium wp-image-14726\" src=\"https:\/\/www.wjst.de\/blog\/wp-content\/uploads\/2019\/12\/screen1-620x81.png\" alt=\"\" width=\"620\" height=\"81\" srcset=\"https:\/\/www.wjst.de\/blog\/wp-content\/uploads\/2019\/12\/screen1-620x81.png 620w, https:\/\/www.wjst.de\/blog\/wp-content\/uploads\/2019\/12\/screen1-768x100.png 768w, https:\/\/www.wjst.de\/blog\/wp-content\/uploads\/2019\/12\/screen1.png 1394w\" sizes=\"auto, (max-width: 620px) 100vw, 620px\" \/><\/a><\/p>\n<p>Ich habe nie einen Polymorphismus in ORMDL3 untersucht. Im Gegenteil, ich <a href=\"https:\/\/www.nature.com\/articles\/ejhg201038\">stand nur einmal <\/a>bei einer Genexpressionsstudie mit in der Mannschaft. Dazu habe ich habe Zweifel an der Art und Weise, <a href=\"https:\/\/www.wjst.de\/blog\/sciencesurf\/2008\/09\/ormdl3-more-inconsistencies-in-the-nature-paper\/\">wie die Nature Arbeit zustande kam<\/a>.<\/p>\n<p><a href=\"https:\/\/www.wjst.de\/blog\/wp-content\/uploads\/2019\/12\/screen2.png\" data-rel=\"key-image-2\" data-rl_title=\"\" data-rl_caption=\"\" title=\"\"><img loading=\"lazy\" decoding=\"async\" class=\"alignnone size-medium wp-image-14731\" src=\"https:\/\/www.wjst.de\/blog\/wp-content\/uploads\/2019\/12\/screen2-620x79.png\" alt=\"\" width=\"620\" height=\"79\" srcset=\"https:\/\/www.wjst.de\/blog\/wp-content\/uploads\/2019\/12\/screen2-620x79.png 620w, https:\/\/www.wjst.de\/blog\/wp-content\/uploads\/2019\/12\/screen2-768x98.png 768w, https:\/\/www.wjst.de\/blog\/wp-content\/uploads\/2019\/12\/screen2.png 1383w\" sizes=\"auto, (max-width: 620px) 100vw, 620px\" \/><\/a><\/p>\n<p>Die Aussage bezieht sich wohl auf <a href=\"https:\/\/www.ncbi.nlm.nih.gov\/pubmed\/16935668\">mein fr\u00fcheres Lancet Editorial 2006<\/a> &#8211; nicht aber auf 2013 &#8211; w\u00e4hrend wir aber durchaus einen <a href=\"https:\/\/www.ncbi.nlm.nih.gov\/pubmed\/21436355\">Zusammenhang zur Asthmatherapie<\/a> gefunden haben.<\/p>\n<p><a href=\"https:\/\/www.wjst.de\/blog\/wp-content\/uploads\/2019\/12\/screen3.png\" data-rel=\"key-image-3\" data-rl_title=\"\" data-rl_caption=\"\" title=\"\"><img loading=\"lazy\" decoding=\"async\" class=\"alignnone size-medium wp-image-14732\" src=\"https:\/\/www.wjst.de\/blog\/wp-content\/uploads\/2019\/12\/screen3-620x119.png\" alt=\"\" width=\"620\" height=\"119\" srcset=\"https:\/\/www.wjst.de\/blog\/wp-content\/uploads\/2019\/12\/screen3-620x119.png 620w, https:\/\/www.wjst.de\/blog\/wp-content\/uploads\/2019\/12\/screen3-768x148.png 768w, https:\/\/www.wjst.de\/blog\/wp-content\/uploads\/2019\/12\/screen3.png 1387w\" sizes=\"auto, (max-width: 620px) 100vw, 620px\" \/><\/a><\/p>\n<p>Sorry, nein, die Populationen waren durchweg gut charakterisiert mit eher zu vielen Readouts. Linkage und GWAS Studien hatten eher keine a priori Hypothesen, es war allein die Heterogenie, die in das Nirwana f\u00fchrte und nicht der heterogener Ph\u00e4notyp der bronchialen Obstruktion (wie es Prof von Wichert in seiner Hauptvorlesung einmal sagte &#8220;was soll die Lunge schon tun ausser zu verstopfen\u201c).<\/p>\n<p><a href=\"https:\/\/www.wjst.de\/blog\/wp-content\/uploads\/2019\/12\/Screen.png\" data-rel=\"key-image-4\" data-rl_title=\"\" data-rl_caption=\"\" title=\"\"><img loading=\"lazy\" decoding=\"async\" class=\"alignnone size-medium wp-image-14733\" src=\"https:\/\/www.wjst.de\/blog\/wp-content\/uploads\/2019\/12\/Screen-620x95.png\" alt=\"\" width=\"620\" height=\"95\" srcset=\"https:\/\/www.wjst.de\/blog\/wp-content\/uploads\/2019\/12\/Screen-620x95.png 620w, https:\/\/www.wjst.de\/blog\/wp-content\/uploads\/2019\/12\/Screen-768x118.png 768w, https:\/\/www.wjst.de\/blog\/wp-content\/uploads\/2019\/12\/Screen.png 1385w\" sizes=\"auto, (max-width: 620px) 100vw, 620px\" \/><\/a><\/p>\n<p>Leider auch falsch, denn <a href=\"https:\/\/www.ncbi.nlm.nih.gov\/pmc\/articles\/PMC2391165\/\">Denham zeigte nur eine Region<\/a>, kein Gen.<\/p>\n<p><a href=\"https:\/\/www.wjst.de\/blog\/wp-content\/uploads\/2019\/12\/screen-13.png\" data-rel=\"key-image-5\" data-rl_title=\"\" data-rl_caption=\"\" title=\"\"><img loading=\"lazy\" decoding=\"async\" class=\"alignnone size-medium wp-image-14735\" src=\"https:\/\/www.wjst.de\/blog\/wp-content\/uploads\/2019\/12\/screen-13-620x156.png\" alt=\"\" width=\"620\" height=\"156\" srcset=\"https:\/\/www.wjst.de\/blog\/wp-content\/uploads\/2019\/12\/screen-13-620x156.png 620w, https:\/\/www.wjst.de\/blog\/wp-content\/uploads\/2019\/12\/screen-13-768x193.png 768w, https:\/\/www.wjst.de\/blog\/wp-content\/uploads\/2019\/12\/screen-13.png 1383w\" sizes=\"auto, (max-width: 620px) 100vw, 620px\" \/><\/a><\/p>\n<p>Sorry nein, <a href=\"https:\/\/www.ncbi.nlm.nih.gov\/pmc\/articles\/PMC1793604\/\">Dold zeigt das 5,2fache nicht dreifache Risiko<\/a> (siehe Tabelle 6 im Originalartikel).<\/p>\n<p><a href=\"https:\/\/www.wjst.de\/blog\/wp-content\/uploads\/2019\/12\/screen-15.png\" data-rel=\"key-image-6\" data-rl_title=\"\" data-rl_caption=\"\" title=\"\"><img loading=\"lazy\" decoding=\"async\" class=\"alignnone size-medium wp-image-14739\" src=\"https:\/\/www.wjst.de\/blog\/wp-content\/uploads\/2019\/12\/screen-15-620x60.png\" alt=\"\" width=\"620\" height=\"60\" srcset=\"https:\/\/www.wjst.de\/blog\/wp-content\/uploads\/2019\/12\/screen-15-620x60.png 620w, https:\/\/www.wjst.de\/blog\/wp-content\/uploads\/2019\/12\/screen-15-768x74.png 768w, https:\/\/www.wjst.de\/blog\/wp-content\/uploads\/2019\/12\/screen-15.png 1390w\" sizes=\"auto, (max-width: 620px) 100vw, 620px\" \/><\/a><\/p>\n<p>Leider kommt das Zitat im Text \u00fcberhaupt nicht vor. Who cares?<\/p>\n\n<p>&nbsp;<\/p>\n<div class=\"bottom-note\">\n  <span class=\"mod1\">CC-BY-NC Science Surf , accessed 01.05.2026<\/span>\n <\/div>","protected":false},"excerpt":{"rendered":"<p>Fr\u00fcher h\u00e4tte man es nicht mitbekommen, wenn man in irgendeiner Dissertation an irgendeiner Stelle falsch zitiert wird. Heute bekommt man es von Google Alert per Mail geschickt. Der letzte Fall im M\u00e4rz 2019 war Nora Schumacher 2019 Einfluss der Vitamin D-vermittelten Modulation auf die gr\u00e4serpollenspezifischeImmuntherapie Aus der Klinik f\u00fcr Dermatologie, Venerologie und Allergologie der Medizinischen &hellip; <a href=\"https:\/\/www.wjst.de\/blog\/sciencesurf\/2019\/12\/dementi\/\" class=\"more-link\">Continue reading <span class=\"screen-reader-text\">Dissertation Julian Klingbeil<\/span> <span class=\"meta-nav\">&rarr;<\/span><\/a><\/p>\n","protected":false},"author":1,"featured_media":0,"comment_status":"closed","ping_status":"open","sticky":false,"template":"","format":"standard","meta":{"footnotes":""},"categories":[8,2],"tags":[3734,3750],"class_list":["post-14725","post","type-post","status-publish","format-standard","hentry","category-asthma-allergy","category-genetics-biology","tag-klein","tag-muntau"],"_links":{"self":[{"href":"https:\/\/www.wjst.de\/blog\/wp-json\/wp\/v2\/posts\/14725","targetHints":{"allow":["GET"]}}],"collection":[{"href":"https:\/\/www.wjst.de\/blog\/wp-json\/wp\/v2\/posts"}],"about":[{"href":"https:\/\/www.wjst.de\/blog\/wp-json\/wp\/v2\/types\/post"}],"author":[{"embeddable":true,"href":"https:\/\/www.wjst.de\/blog\/wp-json\/wp\/v2\/users\/1"}],"replies":[{"embeddable":true,"href":"https:\/\/www.wjst.de\/blog\/wp-json\/wp\/v2\/comments?post=14725"}],"version-history":[{"count":12,"href":"https:\/\/www.wjst.de\/blog\/wp-json\/wp\/v2\/posts\/14725\/revisions"}],"predecessor-version":[{"id":19463,"href":"https:\/\/www.wjst.de\/blog\/wp-json\/wp\/v2\/posts\/14725\/revisions\/19463"}],"wp:attachment":[{"href":"https:\/\/www.wjst.de\/blog\/wp-json\/wp\/v2\/media?parent=14725"}],"wp:term":[{"taxonomy":"category","embeddable":true,"href":"https:\/\/www.wjst.de\/blog\/wp-json\/wp\/v2\/categories?post=14725"},{"taxonomy":"post_tag","embeddable":true,"href":"https:\/\/www.wjst.de\/blog\/wp-json\/wp\/v2\/tags?post=14725"}],"curies":[{"name":"wp","href":"https:\/\/api.w.org\/{rel}","templated":true}]}}