{"id":16965,"date":"2020-07-15T05:48:42","date_gmt":"2020-07-15T05:48:42","guid":{"rendered":"http:\/\/www.wjst.de\/blog\/?p=16965"},"modified":"2025-03-24T11:04:40","modified_gmt":"2025-03-24T09:04:40","slug":"hipp-hipp-kein-hurra","status":"publish","type":"post","link":"https:\/\/www.wjst.de\/blog\/sciencesurf\/2020\/07\/hipp-hipp-kein-hurra\/","title":{"rendered":"HiPP, HiPP, kein hurra"},"content":{"rendered":"<p>Eine <a href=\"https:\/\/www.vzbv.de\/pressemitteilung\/gericht-untersagt-irrefuehrende-werbung-bei-kindermilch\">Pressemitteilung des Bundesverbandes aller Verbraucherzentralen<\/a> weist auf ein <a href=\"https:\/\/www.vzbv.de\/sites\/default\/files\/downloads\/2020\/07\/09\/lg_muenchen_i_05.06.2020.pdf\">Urteil des Landgerichts M\u00fcnchen I<\/a> hin:<\/p>\n<blockquote><p>Erfolg gegen irref\u00fchrende Werbung bei Nahrung f\u00fcr Kleinkinder: Das Landgericht M\u00fcnchen I hat einer Klage des Verbraucherzentrale Bundesverbands (vzbv) gegen die Hipp GmbH &amp; Co. Vertrieb KG Recht gegeben. Demnach sind mehrdeutige Werbeaussagen zum angeblichen Vitamin D- und Calciumbedarf von Kindern bei Milchersatzprodukten untersagt. \u201eVerbraucherinnen und Verbraucher m\u00fcssen bei Lebensmitteln f\u00fcr Kleinkinder darauf vertrauen k\u00f6nnen, dass die Unternehmen besonders verantwortungsbewusst handeln. Dazu geh\u00f6ren klare und deutliche Informationen \u00fcber Vitamine und N\u00e4hrstoffe\u201c, sagt Susanne Einsiedler, Rechtsreferentin beim vzbv. \u201eEltern sollten nicht den Eindruck bekommen, dass bestimmte Produkte n\u00f6tig sind, damit ihr Kind ausreichend versorgt wird. Kinder \u00fcber einem Jahr brauchen in der Regel keine speziellen Lebensmittel\u201c.<\/p><\/blockquote>\n<p>Auch wenn das Urteil noch nicht rechtskr\u00e4ftig ist, gehe ich noch einen Schritt weiter, es braucht \u00fcberhaupt keinen Vitamin D Zusatz in der S\u00e4uglingsmilch, auch nicht in der Anfangsmilch, es wird l\u00e4ngst zuviel direkt supplementiert.<\/p>\n<figure id=\"attachment_16966\" aria-describedby=\"caption-attachment-16966\" style=\"width: 310px\" class=\"wp-caption alignnone\"><img loading=\"lazy\" decoding=\"async\" class=\"wp-image-16966 \" src=\"https:\/\/www.wjst.de\/blog\/wp-content\/uploads\/2020\/07\/Bildschirmfoto-2020-07-14-um-21.04.49-351x500.jpg\" alt=\"\" width=\"310\" height=\"441\" srcset=\"https:\/\/www.wjst.de\/blog\/wp-content\/uploads\/2020\/07\/Bildschirmfoto-2020-07-14-um-21.04.49-351x500.jpg 351w, https:\/\/www.wjst.de\/blog\/wp-content\/uploads\/2020\/07\/Bildschirmfoto-2020-07-14-um-21.04.49-620x884.jpg 620w, https:\/\/www.wjst.de\/blog\/wp-content\/uploads\/2020\/07\/Bildschirmfoto-2020-07-14-um-21.04.49-768x1095.jpg 768w, https:\/\/www.wjst.de\/blog\/wp-content\/uploads\/2020\/07\/Bildschirmfoto-2020-07-14-um-21.04.49.jpg 841w\" sizes=\"auto, (max-width: 310px) 100vw, 310px\" \/><figcaption id=\"caption-attachment-16966\" class=\"wp-caption-text\">Hipp Werbung zu Vitamin D, die erst am 14.7.2020 von https:\/\/shop.hipp.de\/hipp-kindermilch-combiotikr-1-600g-2588.html gel\u00f6scht wurde<\/figcaption><\/figure>\n<p>Der Vitamin D Hype schadet mehr, als dass er n\u00fctzt. Orales Vitamin D<a href=\"https:\/\/doi.org\/10.1111\/pai.12895\"> kann zu sp\u00e4teren Allergien<\/a> f\u00fchren, auch wenn Fachgesellschaften die Vitamin D Supplementierung aus Tradition weiterhin unkritisch sehen.<\/p>\n<p>Es ist ja ein lustiger Experte, dieser Dr. med J\u00fcrgen Hower, <a href=\"https:\/\/www.hipp.de\/milchnahrung\/ratgeber\/allergie-gesundheit\/vitamin-d-fuer-starke-knochen\/\">den HiPP da auf der Webseite in einem &#8220;Interview&#8221; pr\u00e4sentiert<\/a> neben der hauseigenen Wissenschaftlerin. Seine wissenschaftliche Leistung in der Endokrinologie besteht darin, <a href=\"https:\/\/doi.org\/10.1007\/s00394-018-1717-y\">bei Kindern in seiner Gemeinschaftspraxis Vitamin D Spiegel bestimmt zu haben.<\/a> Ansonsten vermarktet er mit Vitamin D gepanschte <a href=\"https:\/\/www.doctor-chococo.de\/\">Schokolade als &#8220;Dr. Chococo&#8221;<\/a>.<\/p>\n<p>Nichts Neues also unter der Sonne &#8211; ich erinnere mich an <a href=\"https:\/\/invenio.bundesarchiv.de\/invenio\/main.xhtml\">Aktenberge im Bundesarchiv Berlin<\/a>, in denen sich einschl\u00e4gige Gesch\u00e4ftemacher schon vor 80 Jahren einen jahrelangen Streit mit den Beh\u00f6rden lieferten.<\/p>\n\n<p>&nbsp;<\/p>\n<div class=\"bottom-note\">\n  <span class=\"mod1\">CC-BY-NC Science Surf , accessed 28.04.2026<\/span>\n <\/div>","protected":false},"excerpt":{"rendered":"<p>Eine Pressemitteilung des Bundesverbandes aller Verbraucherzentralen weist auf ein Urteil des Landgerichts M\u00fcnchen I hin: Erfolg gegen irref\u00fchrende Werbung bei Nahrung f\u00fcr Kleinkinder: Das Landgericht M\u00fcnchen I hat einer Klage des Verbraucherzentrale Bundesverbands (vzbv) gegen die Hipp GmbH &amp; Co. Vertrieb KG Recht gegeben. Demnach sind mehrdeutige Werbeaussagen zum angeblichen Vitamin D- und Calciumbedarf von &hellip; <a href=\"https:\/\/www.wjst.de\/blog\/sciencesurf\/2020\/07\/hipp-hipp-kein-hurra\/\" class=\"more-link\">Continue reading <span class=\"screen-reader-text\">HiPP, HiPP, kein hurra<\/span> <span class=\"meta-nav\">&rarr;<\/span><\/a><\/p>\n","protected":false},"author":1,"featured_media":0,"comment_status":"closed","ping_status":"open","sticky":false,"template":"","format":"standard","meta":{"footnotes":""},"categories":[8,10],"tags":[3515,3512,3513,3311,3514,1776,1287],"class_list":["post-16965","post","type-post","status-publish","format-standard","hentry","category-asthma-allergy","category-sunshine-vitamin","tag-claus-hipp","tag-juergen-hower","tag-kristin-ritzenthaler","tag-milch","tag-stefan-hipp","tag-milk","tag-vitamin-d"],"_links":{"self":[{"href":"https:\/\/www.wjst.de\/blog\/wp-json\/wp\/v2\/posts\/16965","targetHints":{"allow":["GET"]}}],"collection":[{"href":"https:\/\/www.wjst.de\/blog\/wp-json\/wp\/v2\/posts"}],"about":[{"href":"https:\/\/www.wjst.de\/blog\/wp-json\/wp\/v2\/types\/post"}],"author":[{"embeddable":true,"href":"https:\/\/www.wjst.de\/blog\/wp-json\/wp\/v2\/users\/1"}],"replies":[{"embeddable":true,"href":"https:\/\/www.wjst.de\/blog\/wp-json\/wp\/v2\/comments?post=16965"}],"version-history":[{"count":12,"href":"https:\/\/www.wjst.de\/blog\/wp-json\/wp\/v2\/posts\/16965\/revisions"}],"predecessor-version":[{"id":16987,"href":"https:\/\/www.wjst.de\/blog\/wp-json\/wp\/v2\/posts\/16965\/revisions\/16987"}],"wp:attachment":[{"href":"https:\/\/www.wjst.de\/blog\/wp-json\/wp\/v2\/media?parent=16965"}],"wp:term":[{"taxonomy":"category","embeddable":true,"href":"https:\/\/www.wjst.de\/blog\/wp-json\/wp\/v2\/categories?post=16965"},{"taxonomy":"post_tag","embeddable":true,"href":"https:\/\/www.wjst.de\/blog\/wp-json\/wp\/v2\/tags?post=16965"}],"curies":[{"name":"wp","href":"https:\/\/api.w.org\/{rel}","templated":true}]}}