{"id":17549,"date":"2020-11-25T08:02:20","date_gmt":"2020-11-25T08:02:20","guid":{"rendered":"http:\/\/www.wjst.de\/blog\/?p=17549"},"modified":"2021-01-25T14:09:51","modified_gmt":"2021-01-25T14:09:51","slug":"corona-mortalitaet-in-hamburg-und-muenchen-im-vergleich","status":"publish","type":"post","link":"https:\/\/www.wjst.de\/blog\/sciencesurf\/2020\/11\/corona-mortalitaet-in-hamburg-und-muenchen-im-vergleich\/","title":{"rendered":"COVID-19 Mortalit\u00e4t II: Hamburg und M\u00fcnchen im Vergleich"},"content":{"rendered":"<p>Sehen wir uns den Verlauf der an das RKI gemeldeten F\u00e4lle (grau), Todesf\u00e4lle (rot) sowie in blau die Case Fatality Ratio oder Fall-Verstorbenen-Anteil und zwar als &#8220;verz\u00f6gerungsbereinigter Fall-Verstorbenen-Anteil&#8221;, in dem in einem Verschiebefenster die F\u00e4lle plus \/ minus 3 Tage um den Indextag mit den Todesf\u00e4llen an Tag\u00a0 14 plus \/ minus 3 Tage korreliert werden. Im ersten M\u00e4rzdrittel ist die CFR stabil in M\u00fcnchen; \u00fcber den gesamten Zeitraum betr\u00e4gt sie 219\/6526=3.4%.<\/p>\n<figure id=\"attachment_17551\" aria-describedby=\"caption-attachment-17551\" style=\"width: 343px\" class=\"wp-caption alignnone\"><a href=\"https:\/\/www.wjst.de\/blog\/wp-content\/uploads\/2020\/11\/SK-Mu\u0308nchen.png\" data-rel=\"key-image-0\" data-rl_title=\"\" data-rl_caption=\"\" title=\"\"><img loading=\"lazy\" decoding=\"async\" class=\"wp-image-17551 \" src=\"https:\/\/www.wjst.de\/blog\/wp-content\/uploads\/2020\/11\/SK-Mu\u0308nchen-620x620.png\" alt=\"\" width=\"343\" height=\"343\" srcset=\"https:\/\/www.wjst.de\/blog\/wp-content\/uploads\/2020\/11\/SK-Mu\u0308nchen-620x620.png 620w, https:\/\/www.wjst.de\/blog\/wp-content\/uploads\/2020\/11\/SK-Mu\u0308nchen-500x500.png 500w, https:\/\/www.wjst.de\/blog\/wp-content\/uploads\/2020\/11\/SK-Mu\u0308nchen-150x150.png 150w, https:\/\/www.wjst.de\/blog\/wp-content\/uploads\/2020\/11\/SK-Mu\u0308nchen-768x768.png 768w, https:\/\/www.wjst.de\/blog\/wp-content\/uploads\/2020\/11\/SK-Mu\u0308nchen.png 1024w\" sizes=\"auto, (max-width: 343px) 100vw, 343px\" \/><\/a><figcaption id=\"caption-attachment-17551\" class=\"wp-caption-text\">CFR in M\u00fcnchen bis 3.6.2020 (1. Welle). Datenstand RKI 18.11.2020. Eigene Auswertung, Skript auf Anfrage.<\/figcaption><\/figure>\n<p>Im Vergleich dazu nun Hamburg. Hier ist die CFR im selben Zeitraum mit 264\/5090=5.2% h\u00f6her und hat zus\u00e4tzlich noch einen Peak im letzten M\u00e4rzdrittel.<\/p>\n<figure id=\"attachment_17560\" aria-describedby=\"caption-attachment-17560\" style=\"width: 355px\" class=\"wp-caption alignnone\"><a href=\"https:\/\/www.wjst.de\/blog\/wp-content\/uploads\/2020\/11\/SK-Hamburg-1.png\" data-rel=\"key-image-1\" data-rl_title=\"\" data-rl_caption=\"\" title=\"\"><img loading=\"lazy\" decoding=\"async\" class=\"wp-image-17560 \" src=\"https:\/\/www.wjst.de\/blog\/wp-content\/uploads\/2020\/11\/SK-Hamburg-1-620x620.png\" alt=\"\" width=\"355\" height=\"355\" srcset=\"https:\/\/www.wjst.de\/blog\/wp-content\/uploads\/2020\/11\/SK-Hamburg-1-620x620.png 620w, https:\/\/www.wjst.de\/blog\/wp-content\/uploads\/2020\/11\/SK-Hamburg-1-500x500.png 500w, https:\/\/www.wjst.de\/blog\/wp-content\/uploads\/2020\/11\/SK-Hamburg-1-150x150.png 150w, https:\/\/www.wjst.de\/blog\/wp-content\/uploads\/2020\/11\/SK-Hamburg-1-768x768.png 768w, https:\/\/www.wjst.de\/blog\/wp-content\/uploads\/2020\/11\/SK-Hamburg-1.png 1024w\" sizes=\"auto, (max-width: 355px) 100vw, 355px\" \/><\/a><figcaption id=\"caption-attachment-17560\" class=\"wp-caption-text\">CFR in Hamburg bis 3.6.2020. Datenstand RKI 18.11.2020. Eigene Auswertung, Skript auf Anfrage.<\/figcaption><\/figure>\n<p>Das Sterberisiko ist\u00a0 in der Gesamtpopulation signifikant h\u00f6her in Hamburg mit einem OR von 1.6 (1.3-1.9). Schauen wir uns daher auch noch die Alters- und Geschlechtsverteilung der Verstorbenen an.<\/p>\n<figure id=\"attachment_17563\" aria-describedby=\"caption-attachment-17563\" style=\"width: 364px\" class=\"wp-caption alignnone\"><a href=\"https:\/\/www.wjst.de\/blog\/wp-content\/uploads\/2020\/11\/hh.png\" data-rel=\"key-image-2\" data-rl_title=\"\" data-rl_caption=\"\" title=\"\"><img loading=\"lazy\" decoding=\"async\" class=\"wp-image-17563 \" src=\"https:\/\/www.wjst.de\/blog\/wp-content\/uploads\/2020\/11\/hh-620x620.png\" alt=\"\" width=\"364\" height=\"364\" srcset=\"https:\/\/www.wjst.de\/blog\/wp-content\/uploads\/2020\/11\/hh-620x620.png 620w, https:\/\/www.wjst.de\/blog\/wp-content\/uploads\/2020\/11\/hh-500x500.png 500w, https:\/\/www.wjst.de\/blog\/wp-content\/uploads\/2020\/11\/hh-150x150.png 150w, https:\/\/www.wjst.de\/blog\/wp-content\/uploads\/2020\/11\/hh-768x768.png 768w, https:\/\/www.wjst.de\/blog\/wp-content\/uploads\/2020\/11\/hh.png 1024w\" sizes=\"auto, (max-width: 364px) 100vw, 364px\" \/><\/a><figcaption id=\"caption-attachment-17563\" class=\"wp-caption-text\">Sterbef\u00e4lle Rohzahlen in Hamburg und M\u00fcnchen bis 3.6.2020. Datenstand RKI 18.11.2020. Eigene Auswertung, Skript auf Anfrage.<\/figcaption><\/figure>\n<p>In Hamburg versterben in allen Altersklassen mehr Menschen. Aus technischen Gr\u00fcnden kann ich leider nicht f\u00fcr Alter und Geschlecht adjustieren weil in den RKI Meldedaten nach IfSchG Todesfall und Erkrankungsfall auf unterschiedlichen Zeilen stehen.<\/p>\n<figure id=\"attachment_17742\" aria-describedby=\"caption-attachment-17742\" style=\"width: 358px\" class=\"wp-caption alignnone\"><a href=\"https:\/\/www.wjst.de\/blog\/wp-content\/uploads\/2020\/11\/Rplot01-1.png\" data-rel=\"key-image-3\" data-rl_title=\"\" data-rl_caption=\"\" title=\"\"><img loading=\"lazy\" decoding=\"async\" class=\"wp-image-17742 \" src=\"https:\/\/www.wjst.de\/blog\/wp-content\/uploads\/2020\/11\/Rplot01-1-620x472.png\" alt=\"\" width=\"358\" height=\"273\" srcset=\"https:\/\/www.wjst.de\/blog\/wp-content\/uploads\/2020\/11\/Rplot01-1-620x472.png 620w, https:\/\/www.wjst.de\/blog\/wp-content\/uploads\/2020\/11\/Rplot01-1-657x500.png 657w, https:\/\/www.wjst.de\/blog\/wp-content\/uploads\/2020\/11\/Rplot01-1-768x584.png 768w, https:\/\/www.wjst.de\/blog\/wp-content\/uploads\/2020\/11\/Rplot01-1.png 874w\" sizes=\"auto, (max-width: 358px) 100vw, 358px\" \/><\/a><figcaption id=\"caption-attachment-17742\" class=\"wp-caption-text\">Sterbef\u00e4lle gegen Erkrankungsf\u00e4lle in Land -bzw Stadtkreisen\u00a0bis 3.6.2020. Datenstand RKI 9.12.2020. Hamburg, Wesel und M\u00fcnchen sind markiert. Eigene Auswertung, Skript auf Anfrage.<\/figcaption><\/figure>\n<p>Wie sieht es auf Intensivstationen aus? Nach den klinischen Studien von <a href=\"https:\/\/linkinghub.elsevier.com\/retrieve\/pii\/S1036731420303349\">Kluge<\/a>\u00a0(Hamburg) und den Angaben von <a href=\"https:\/\/www.sueddeutsche.de\/muenchen\/muenchen-klinik-corona-patienten-zwischenbilanz-1.5142374\">Wendtner<\/a> (M\u00fcnchen) wurden in Hamburg 996 und in M\u00fcnchen 1300 Patienten hospitalisiert. Hamburg hat davon 261 Patienten auf die Intensivstation verlegt, M\u00fcnchen 270.<\/p>\n<figure id=\"attachment_17763\" aria-describedby=\"caption-attachment-17763\" style=\"width: 357px\" class=\"wp-caption alignnone\"><a href=\"https:\/\/www.wjst.de\/blog\/wp-content\/uploads\/2020\/11\/Rplot-4.png\" data-rel=\"key-image-4\" data-rl_title=\"\" data-rl_caption=\"\" title=\"\"><img loading=\"lazy\" decoding=\"async\" class=\"wp-image-17763 \" src=\"https:\/\/www.wjst.de\/blog\/wp-content\/uploads\/2020\/11\/Rplot-4-620x372.png\" alt=\"\" width=\"357\" height=\"214\" srcset=\"https:\/\/www.wjst.de\/blog\/wp-content\/uploads\/2020\/11\/Rplot-4-620x372.png 620w, https:\/\/www.wjst.de\/blog\/wp-content\/uploads\/2020\/11\/Rplot-4-833x500.png 833w, https:\/\/www.wjst.de\/blog\/wp-content\/uploads\/2020\/11\/Rplot-4-768x461.png 768w, https:\/\/www.wjst.de\/blog\/wp-content\/uploads\/2020\/11\/Rplot-4.png 1000w\" sizes=\"auto, (max-width: 357px) 100vw, 357px\" \/><\/a><figcaption id=\"caption-attachment-17763\" class=\"wp-caption-text\">Sterbef\u00e4lle auf den Intensivstationen in Hamburg und M\u00fcnchen. Quelle: https:\/\/linkinghub.elsevier.com\/retrieve\/pii\/S1036731420303349 sowie https:\/\/www.sueddeutsche.de\/muenchen\/muenchen-klinik-corona-patienten-zwischenbilanz-1.5142374. Eigene Zusammenstellung, Skript auf Anfrage.<\/figcaption><\/figure>\n<p>Von 223 F\u00e4llen auf der Intensivstation in Hamburg starben 78, also 35%. Bei 261 F\u00e4llen gesamt waren es damit hochgerechnet ca 91 Todesf\u00e4lle. In M\u00fcnchen starben 28% also 76 Menschen. Hamburg behandelte somit signifikant mehr Patienten auf der Intensivstation (OR 1.4, P=0.002). Auf der Intensivstation sterben\u00a0 mehr Patienten als in M\u00fcnchen (ebenfalls OR 1.4, P=0.09) damit ergibt sich ein\u00a0 gepooltes Mantel-Haenszel\u00a0 OR von 1.6 ( 1.2-2.2, P=0.003) in der Klinik.<\/p>\n<p>Dass bei der Auswertung der klinischen Daten nun exakt dasselbe Ergebnis herauskommt wie in den populationsbasierten\u00a0 RKI Daten belegt meiner Ansicht nach, dass die CFR von der klinischen Versorgung bestimmt wird.<\/p>\n<figure id=\"attachment_17913\" aria-describedby=\"caption-attachment-17913\" style=\"width: 304px\" class=\"wp-caption alignnone\"><img loading=\"lazy\" decoding=\"async\" class=\"wp-image-17913\" src=\"https:\/\/www.wjst.de\/blog\/wp-content\/uploads\/2020\/11\/Bildschirmfoto-2021-01-18-um-10.13.12-620x386.jpg\" alt=\"\" width=\"304\" height=\"189\" srcset=\"https:\/\/www.wjst.de\/blog\/wp-content\/uploads\/2020\/11\/Bildschirmfoto-2021-01-18-um-10.13.12-620x386.jpg 620w, https:\/\/www.wjst.de\/blog\/wp-content\/uploads\/2020\/11\/Bildschirmfoto-2021-01-18-um-10.13.12-802x500.jpg 802w, https:\/\/www.wjst.de\/blog\/wp-content\/uploads\/2020\/11\/Bildschirmfoto-2021-01-18-um-10.13.12-768x479.jpg 768w, https:\/\/www.wjst.de\/blog\/wp-content\/uploads\/2020\/11\/Bildschirmfoto-2021-01-18-um-10.13.12.jpg 1463w\" sizes=\"auto, (max-width: 304px) 100vw, 304px\" \/><figcaption id=\"caption-attachment-17913\" class=\"wp-caption-text\">Screenshot https:\/\/www.muenchen-klinik.de\/covid-19\/intensivzahlen\/<\/figcaption><\/figure>\n<p>Das wird zwar bisher von den Intensivmedizinern vehement bestritten, ist aber nachvollziehbar da nach <a href=\"https:\/\/www.rki.de\/DE\/Content\/Gesundheitsmonitoring\/Gesundheitsberichterstattung\/GBEDownloadsJ\/JoHM_S11_2020_Krankheitsschwere_COVID_19.html\">RKI Angaben deutschlandweit 73% der Infektionsf\u00e4lle\u00a0 hospitalisiert werden<\/a>.<\/p>\n<p>Was macht Hamburg nur anders als M\u00fcnchen? Ich vermute die Behandlung ist etwas unterschiedlich.<\/p>\n<figure id=\"attachment_17915\" aria-describedby=\"caption-attachment-17915\" style=\"width: 362px\" class=\"wp-caption alignnone\"><img loading=\"lazy\" decoding=\"async\" class=\"wp-image-17915 \" src=\"https:\/\/www.wjst.de\/blog\/wp-content\/uploads\/2020\/11\/Bildschirmfoto-2021-01-18-um-10.16.52-620x154.jpg\" alt=\"\" width=\"362\" height=\"90\" srcset=\"https:\/\/www.wjst.de\/blog\/wp-content\/uploads\/2020\/11\/Bildschirmfoto-2021-01-18-um-10.16.52-620x154.jpg 620w, https:\/\/www.wjst.de\/blog\/wp-content\/uploads\/2020\/11\/Bildschirmfoto-2021-01-18-um-10.16.52-768x191.jpg 768w, https:\/\/www.wjst.de\/blog\/wp-content\/uploads\/2020\/11\/Bildschirmfoto-2021-01-18-um-10.16.52.jpg 1250w\" sizes=\"auto, (max-width: 362px) 100vw, 362px\" \/><figcaption id=\"caption-attachment-17915\" class=\"wp-caption-text\">Screenshot https:\/\/www.muenchen-klinik.de\/covid-19\/intensivzahlen\/<\/figcaption><\/figure>\n<p>&nbsp;<\/p>\n\n<p>&nbsp;<\/p>\n<div class=\"bottom-note\">\n  <span class=\"mod1\">CC-BY-NC Science Surf , accessed 02.05.2026<\/span>\n <\/div>","protected":false},"excerpt":{"rendered":"<p>Sehen wir uns den Verlauf der an das RKI gemeldeten F\u00e4lle (grau), Todesf\u00e4lle (rot) sowie in blau die Case Fatality Ratio oder Fall-Verstorbenen-Anteil und zwar als &#8220;verz\u00f6gerungsbereinigter Fall-Verstorbenen-Anteil&#8221;, in dem in einem Verschiebefenster die F\u00e4lle plus \/ minus 3 Tage um den Indextag mit den Todesf\u00e4llen an Tag\u00a0 14 plus \/ minus 3 Tage korreliert &hellip; <a href=\"https:\/\/www.wjst.de\/blog\/sciencesurf\/2020\/11\/corona-mortalitaet-in-hamburg-und-muenchen-im-vergleich\/\" class=\"more-link\">Continue reading <span class=\"screen-reader-text\">COVID-19 Mortalit\u00e4t II: Hamburg und M\u00fcnchen im Vergleich<\/span> <span class=\"meta-nav\">&rarr;<\/span><\/a><\/p>\n","protected":false},"author":1,"featured_media":0,"comment_status":"open","ping_status":"open","sticky":false,"template":"","format":"standard","meta":{"footnotes":""},"categories":[20],"tags":[3574,3390,3583,3576,3198,3581,1297],"class_list":["post-17549","post","type-post","status-publish","format-standard","hentry","category-note-worthy","tag-cfr","tag-corona","tag-divi","tag-kluge","tag-munchen","tag-wendtner","tag-hamburg"],"_links":{"self":[{"href":"https:\/\/www.wjst.de\/blog\/wp-json\/wp\/v2\/posts\/17549","targetHints":{"allow":["GET"]}}],"collection":[{"href":"https:\/\/www.wjst.de\/blog\/wp-json\/wp\/v2\/posts"}],"about":[{"href":"https:\/\/www.wjst.de\/blog\/wp-json\/wp\/v2\/types\/post"}],"author":[{"embeddable":true,"href":"https:\/\/www.wjst.de\/blog\/wp-json\/wp\/v2\/users\/1"}],"replies":[{"embeddable":true,"href":"https:\/\/www.wjst.de\/blog\/wp-json\/wp\/v2\/comments?post=17549"}],"version-history":[{"count":39,"href":"https:\/\/www.wjst.de\/blog\/wp-json\/wp\/v2\/posts\/17549\/revisions"}],"predecessor-version":[{"id":17971,"href":"https:\/\/www.wjst.de\/blog\/wp-json\/wp\/v2\/posts\/17549\/revisions\/17971"}],"wp:attachment":[{"href":"https:\/\/www.wjst.de\/blog\/wp-json\/wp\/v2\/media?parent=17549"}],"wp:term":[{"taxonomy":"category","embeddable":true,"href":"https:\/\/www.wjst.de\/blog\/wp-json\/wp\/v2\/categories?post=17549"},{"taxonomy":"post_tag","embeddable":true,"href":"https:\/\/www.wjst.de\/blog\/wp-json\/wp\/v2\/tags?post=17549"}],"curies":[{"name":"wp","href":"https:\/\/api.w.org\/{rel}","templated":true}]}}