{"id":17842,"date":"2020-12-23T10:23:05","date_gmt":"2020-12-23T10:23:05","guid":{"rendered":"http:\/\/www.wjst.de\/blog\/?p=17842"},"modified":"2021-01-20T08:22:18","modified_gmt":"2021-01-20T08:22:18","slug":"eine-politische-frage","status":"publish","type":"post","link":"https:\/\/www.wjst.de\/blog\/sciencesurf\/2020\/12\/eine-politische-frage\/","title":{"rendered":"Eine politische Frage"},"content":{"rendered":"<p>Die #COVID19 Pandemie wird in der zweiten Welle immer mehr zu einer politischen Frage &#8211; vor allem f\u00fcr die Regierenden aber nun auch f\u00fcr die W\u00e4hler. CDU\/CSU\/FDP\/Nichtw\u00e4hler stabilisieren dabei die Inzidenz, W\u00e4hler mit ung\u00fcltiger Stimme und AfD W\u00e4hler treiben sie nach oben, SPD und GR\u00dcNE verringern sie.<\/p>\n<p><a href=\"https:\/\/www.wjst.de\/blog\/wp-content\/uploads\/2020\/12\/total.jpeg\" data-rel=\"key-image-0\" data-rl_title=\"\" data-rl_caption=\"\" title=\"\"><img loading=\"lazy\" decoding=\"async\" class=\"alignnone size-medium wp-image-17856\" src=\"https:\/\/www.wjst.de\/blog\/wp-content\/uploads\/2020\/12\/total-620x620.jpeg\" alt=\"\" width=\"620\" height=\"620\" srcset=\"https:\/\/www.wjst.de\/blog\/wp-content\/uploads\/2020\/12\/total-620x620.jpeg 620w, https:\/\/www.wjst.de\/blog\/wp-content\/uploads\/2020\/12\/total-500x500.jpeg 500w, https:\/\/www.wjst.de\/blog\/wp-content\/uploads\/2020\/12\/total-150x150.jpeg 150w, https:\/\/www.wjst.de\/blog\/wp-content\/uploads\/2020\/12\/total-768x768.jpeg 768w, https:\/\/www.wjst.de\/blog\/wp-content\/uploads\/2020\/12\/total.jpeg 1200w\" sizes=\"auto, (max-width: 620px) 100vw, 620px\" \/><\/a><\/p>\n<p>&nbsp;<\/p>\n<p>&nbsp;<\/p>\n<p>Nochmal das selbe Panel, diesmal allerdings nur die westdeutschen Bundesl\u00e4nder; der AfD Effekt schw\u00e4cht sich hier deutlich ab; die LINKE zusammen mit der SPD wirkt sich positiv aus.<\/p>\n<p><a href=\"https:\/\/www.wjst.de\/blog\/wp-content\/uploads\/2020\/12\/west.jpeg\" data-rel=\"key-image-1\" data-rl_title=\"\" data-rl_caption=\"\" title=\"\"><img loading=\"lazy\" decoding=\"async\" class=\"alignnone size-medium wp-image-17857\" src=\"https:\/\/www.wjst.de\/blog\/wp-content\/uploads\/2020\/12\/west-620x620.jpeg\" alt=\"\" width=\"620\" height=\"620\" srcset=\"https:\/\/www.wjst.de\/blog\/wp-content\/uploads\/2020\/12\/west-620x620.jpeg 620w, https:\/\/www.wjst.de\/blog\/wp-content\/uploads\/2020\/12\/west-500x500.jpeg 500w, https:\/\/www.wjst.de\/blog\/wp-content\/uploads\/2020\/12\/west-150x150.jpeg 150w, https:\/\/www.wjst.de\/blog\/wp-content\/uploads\/2020\/12\/west-768x768.jpeg 768w, https:\/\/www.wjst.de\/blog\/wp-content\/uploads\/2020\/12\/west.jpeg 1200w\" sizes=\"auto, (max-width: 620px) 100vw, 620px\" \/><\/a><\/p>\n<p>&nbsp;<\/p>\n<p>&nbsp;<\/p>\n<p>Ganz anders in den ostdeutschen Bundesl\u00e4nder: Bezirke mit hohem FDP W\u00e4hleranteil haben auch hier mehr Infektionen \u00e4hnlich wie in Bezirken mit hohem AfD und Nichtw\u00e4hler-Anteil. Selbst bei der CDU gibt es\u00a0 einen Anstieg, nur Bezirke mit SPD, GR\u00dcNE und LINKE Anteil haben tendenziell eine niedrigere COVID-19 Inzidenz.<\/p>\n<p><a href=\"https:\/\/www.wjst.de\/blog\/wp-content\/uploads\/2020\/12\/ost.jpeg\" data-rel=\"key-image-2\" data-rl_title=\"\" data-rl_caption=\"\" title=\"\"><img loading=\"lazy\" decoding=\"async\" class=\"alignnone size-medium wp-image-17858\" src=\"https:\/\/www.wjst.de\/blog\/wp-content\/uploads\/2020\/12\/ost-620x620.jpeg\" alt=\"\" width=\"620\" height=\"620\" srcset=\"https:\/\/www.wjst.de\/blog\/wp-content\/uploads\/2020\/12\/ost-620x620.jpeg 620w, https:\/\/www.wjst.de\/blog\/wp-content\/uploads\/2020\/12\/ost-500x500.jpeg 500w, https:\/\/www.wjst.de\/blog\/wp-content\/uploads\/2020\/12\/ost-150x150.jpeg 150w, https:\/\/www.wjst.de\/blog\/wp-content\/uploads\/2020\/12\/ost-768x768.jpeg 768w, https:\/\/www.wjst.de\/blog\/wp-content\/uploads\/2020\/12\/ost.jpeg 1200w\" sizes=\"auto, (max-width: 620px) 100vw, 620px\" \/><\/a><\/p>\n<p>&nbsp;<\/p>\n<p>&nbsp;<\/p>\n<p>Das Thema hat wohl <a href=\"https:\/\/twitter.com\/Matthias_Quent\/status\/1335600884609396741?s=20\">Matthias Quent<\/a> am 6.12. zuerst aufgegriffen (nachdem es in der ersten Welle kaum Anhaltspunkte f\u00fcr solche Effekte gab).<\/p>\n<blockquote><p><span class=\"css-901oao css-16my406 r-1qd0xha r-ad9z0x r-bcqeeo r-qvutc0\">In den vergangenen Tagen gab es in den Medien und in der Politik Thesen dar\u00fcber, dass Regionen besonders stark von <\/span><span class=\"r-18u37iz\">#Corona<\/span><span class=\"css-901oao css-16my406 r-1qd0xha r-ad9z0x r-bcqeeo r-qvutc0\"> belastet sind, in denen die <\/span><span class=\"r-18u37iz\">#AfD<\/span><span class=\"css-901oao css-16my406 r-1qd0xha r-ad9z0x r-bcqeeo r-qvutc0\"> besonders stark ist. Was ist da dran? Wir haben nachgerechnet. <\/span><\/p><\/blockquote>\n<p>darauf die <a href=\"https:\/\/interaktiv.tagesspiegel.de\/lab\/hotspots-und-rechte-haengen-afd-hochburgen-und-corona-hotspots-zusammen\/\">TAZ<\/a> am 12.12.<\/p>\n<blockquote><p>Besonders stark diskutiert wird derzeit eine Kurzauswertung von Forschern am Institut f\u00fcr Demokratie und Zivilgesellschaft (IDZ) Jena. Deren Direktor Matthias Quent ver\u00f6ffentlichte auf Twitter eine Analyse, die nahelegt, dass es einen Zusammenhang zwischen hohen Coronazahlen und AfD-Anh\u00e4ngerschaft geben k\u00f6nnte.<\/p><\/blockquote>\n<p>die <a href=\"https:\/\/www.faz.net\/aktuell\/politik\/inland\/sachsen-sind-afd-waehler-die-treiber-der-corona-pandemie-17101908.html\">FAZ<\/a> am 15.12.<\/p>\n<div class=\"o-Grid_Col o-Grid_Col-10 o-Grid_Col-has-offset-of-2\">\n<div class=\"atc-Text js-atc-Text \">\n<blockquote>\n<p class=\"atc-TextParagraph\">Eine \u2013 auf den ersten Blick schl\u00fcssige \u2013 Vermutung lautet, dass die Zahl der Neuinfektionen in den Regionen besonders hoch ist, in denen viele AfD-W\u00e4hler leben. In Sachsen hatte die\u00a0AfD bei der Landtagswahl im vergangenen Jahr mit 27,5 Prozent ihr bisher bestes Ergebnis eingefahren. Und die Partei hat sich, nachdem sie zu Beginn der Pandemie, als sich der Staat noch sehr zur\u00fcckhaltend zeigte, besonders harte staatliche Eingriffe gefordert hatte, zu einer der sch\u00e4rfsten Gegner von Corona-Beschr\u00e4nkungen entwickelt, seit der Staat diese immer wieder anordnet. Bereits auf den ersten Demonstrationen der sogenannten Querdenker in Stuttgart waren Fahnen und Vertreter der AfD un\u00fcbersehbar&#8230;<\/p>\n<\/blockquote>\n<\/div>\n<\/div>\n<section class=\"js-atc-ContainerPaywall atc-ContainerPaywall\">\n<div class=\"o-Grid_Col o-Grid_Col-12 o-Grid_Col-has-offset-of-1\">\n<div class=\"js-ctn-PaywallInfo ctn-PaywallInfo \">\n<div class=\"ctn-PaywallInfo_TeaserContainer\">der <a href=\"http:\/\/Warum Sachsen? Kaum eine Region in Deutschland ist so schlimm von der Pandemie betroffen wie der Landkreis S\u00e4chsische Schweiz-Osterzgebirge. F\u00fcr Covid-Patienten gibt es keine freien Intensivbetten mehr. Ein Ortstermin in Pirna.\">SPIEGEL<\/a> am 17.12.<\/div>\n<div><\/div>\n<blockquote>\n<div>Kaum eine Region in Deutschland ist so schlimm von der Pandemie betroffen wie der Landkreis S\u00e4chsische Schweiz-Osterzgebirge. F\u00fcr Covid-Patienten gibt es keine freien Intensivbetten mehr. Ein Ortstermin in Pirna.<\/div>\n<\/blockquote>\n<\/div>\n<div>die ZEIT am 18.12.<\/div>\n<\/div>\n<\/section>\n<div><\/div>\n<blockquote>\n<div>Raj Kollmorgen:\u00a0 &#8230;. Andererseits erstaunt es mich nicht, denn es gibt eine Reihe von Faktoren, welche die Epidemie in unserer Region beg\u00fcnstigen. Ein Faktor sind politische Mentalit\u00e4ten. Teile der Bev\u00f6lkerung sind grunds\u00e4tzlich skeptisch gegen\u00fcber den Entscheidungen der Politik, nicht wenige sehen sich sogar im Widerstand und protestieren. Das hat sich in den vergangenen Monaten noch einmal versch\u00e4rft.<\/div>\n<\/blockquote>\n<section class=\"js-atc-ContainerPaywall atc-ContainerPaywall\">\n<div class=\"o-Grid_Col o-Grid_Col-12 o-Grid_Col-has-offset-of-1\">\n<div>die <a href=\"https:\/\/www.l-iz.de\/politik\/kassensturz\/2020\/12\/Warum-die-saechsischen-Corona-Probleme-mehr-mit-einer-fatalen-demografischen-Entwicklung-zu-tun-haben-als-mit-der-AfD-365423\">Leipziger Internetzeitung<\/a> am 23.12<\/div>\n<div><\/div>\n<blockquote><p>Auf die Idee kann man schon kommen, wenn man die N\u00e4he von AfD und \u201eQuerdenkern\u201c betrachtet. Aber kann es nicht auch sein, dass ein ganz sachlicher Grund dahintersteckt? Einer, der etwas mit den Wanderungsbewegungen der jungen Ostdeutschen zu tun hat? &#8230; Die Antwort auf die medial gestellte Frage w\u00e4re also eher nicht \u201edie AfD ist schuld\u201c, sondern: Die AfD ist genauso Symptom einer offenkundigen Fehlentwicklung wie die \u00dcberalterung und Destrukturierung &#8230;<\/p><\/blockquote>\n<\/div>\n<\/section>\n<div><\/div>\n<section class=\"js-atc-ContainerPaywall atc-ContainerPaywall\">\n<div class=\"o-Grid_Col o-Grid_Col-12 o-Grid_Col-has-offset-of-1\">\n<div>Hier nun ein Regressionsmodell sowie ein<a href=\"https:\/\/de.wikipedia.org\/wiki\/Faktorenanalyse\">PCA<\/a> Plot \u00a0(im <a href=\"https:\/\/genomebiology.biomedcentral.com\/articles\/10.1186\/s13059-019-1900-3\">t-SNE<\/a> Stil) mit eindeutigem Ergebnis: SPD dominierten Landkreisen ging es am besten in der Pandemie, AfD Landkreisen am schlechtesten. Ob das nun wirklich mit besserem Krisenmanagement zusammenh\u00e4ngt oder nur mit der zuf\u00e4lligen regionalen Koinzidenz ist dabei noch eine offene Frage.<\/div>\n<div><\/div>\n<div><\/div>\n<\/div>\n<div><img loading=\"lazy\" decoding=\"async\" class=\"alignnone wp-image-17910 size-full\" src=\"https:\/\/www.wjst.de\/blog\/wp-content\/uploads\/2020\/12\/t.jpg\" alt=\"\" width=\"511\" height=\"488\" \/><\/div>\n<\/section>\n<div><\/div>\n<div><\/div>\n<div><\/div>\n<div>Und hier noch die Principal Component Analyse der 3 Cluster (Anklicken zum Vergr\u00f6ssern)<\/div>\n<div><\/div>\n<div><a href=\"https:\/\/www.wjst.de\/blog\/wp-content\/uploads\/2020\/12\/Rplot-4.jpeg\" data-rel=\"key-image-3\" data-rl_title=\"\" data-rl_caption=\"\" title=\"\"><img loading=\"lazy\" decoding=\"async\" class=\"alignnone wp-image-17917 size-medium\" src=\"https:\/\/www.wjst.de\/blog\/wp-content\/uploads\/2020\/12\/Rplot-4-620x356.jpeg\" alt=\"\" width=\"620\" height=\"356\" srcset=\"https:\/\/www.wjst.de\/blog\/wp-content\/uploads\/2020\/12\/Rplot-4-620x356.jpeg 620w, https:\/\/www.wjst.de\/blog\/wp-content\/uploads\/2020\/12\/Rplot-4-870x500.jpeg 870w, https:\/\/www.wjst.de\/blog\/wp-content\/uploads\/2020\/12\/Rplot-4-768x441.jpeg 768w, https:\/\/www.wjst.de\/blog\/wp-content\/uploads\/2020\/12\/Rplot-4-1536x882.jpeg 1536w, https:\/\/www.wjst.de\/blog\/wp-content\/uploads\/2020\/12\/Rplot-4.jpeg 1800w\" sizes=\"auto, (max-width: 620px) 100vw, 620px\" \/><\/a><\/div>\n\n<p>&nbsp;<\/p>\n<div class=\"bottom-note\">\n  <span class=\"mod1\">CC-BY-NC Science Surf , accessed 28.04.2026<\/span>\n <\/div>","protected":false},"excerpt":{"rendered":"<p>Die #COVID19 Pandemie wird in der zweiten Welle immer mehr zu einer politischen Frage &#8211; vor allem f\u00fcr die Regierenden aber nun auch f\u00fcr die W\u00e4hler. CDU\/CSU\/FDP\/Nichtw\u00e4hler stabilisieren dabei die Inzidenz, W\u00e4hler mit ung\u00fcltiger Stimme und AfD W\u00e4hler treiben sie nach oben, SPD und GR\u00dcNE verringern sie. &nbsp; &nbsp; Nochmal das selbe Panel, diesmal allerdings &hellip; <a href=\"https:\/\/www.wjst.de\/blog\/sciencesurf\/2020\/12\/eine-politische-frage\/\" class=\"more-link\">Continue reading <span class=\"screen-reader-text\">Eine politische Frage<\/span> <span class=\"meta-nav\">&rarr;<\/span><\/a><\/p>\n","protected":false},"author":1,"featured_media":0,"comment_status":"closed","ping_status":"open","sticky":false,"template":"","format":"standard","meta":{"footnotes":""},"categories":[5],"tags":[3390],"class_list":["post-17842","post","type-post","status-publish","format-standard","hentry","category-philosophy-of-science","tag-corona"],"_links":{"self":[{"href":"https:\/\/www.wjst.de\/blog\/wp-json\/wp\/v2\/posts\/17842","targetHints":{"allow":["GET"]}}],"collection":[{"href":"https:\/\/www.wjst.de\/blog\/wp-json\/wp\/v2\/posts"}],"about":[{"href":"https:\/\/www.wjst.de\/blog\/wp-json\/wp\/v2\/types\/post"}],"author":[{"embeddable":true,"href":"https:\/\/www.wjst.de\/blog\/wp-json\/wp\/v2\/users\/1"}],"replies":[{"embeddable":true,"href":"https:\/\/www.wjst.de\/blog\/wp-json\/wp\/v2\/comments?post=17842"}],"version-history":[{"count":23,"href":"https:\/\/www.wjst.de\/blog\/wp-json\/wp\/v2\/posts\/17842\/revisions"}],"predecessor-version":[{"id":17923,"href":"https:\/\/www.wjst.de\/blog\/wp-json\/wp\/v2\/posts\/17842\/revisions\/17923"}],"wp:attachment":[{"href":"https:\/\/www.wjst.de\/blog\/wp-json\/wp\/v2\/media?parent=17842"}],"wp:term":[{"taxonomy":"category","embeddable":true,"href":"https:\/\/www.wjst.de\/blog\/wp-json\/wp\/v2\/categories?post=17842"},{"taxonomy":"post_tag","embeddable":true,"href":"https:\/\/www.wjst.de\/blog\/wp-json\/wp\/v2\/tags?post=17842"}],"curies":[{"name":"wp","href":"https:\/\/api.w.org\/{rel}","templated":true}]}}