{"id":18798,"date":"2021-12-11T11:49:08","date_gmt":"2021-12-11T09:49:08","guid":{"rendered":"https:\/\/www.wjst.de\/blog\/?p=18798"},"modified":"2021-12-11T11:50:57","modified_gmt":"2021-12-11T09:50:57","slug":"uebersterblichkeit-zwischen-den-corona-wellen","status":"publish","type":"post","link":"https:\/\/www.wjst.de\/blog\/sciencesurf\/2021\/12\/uebersterblichkeit-zwischen-den-corona-wellen\/","title":{"rendered":"\u00dcbersterblichkeit zwischen den Corona Wellen"},"content":{"rendered":"<p>Mit der destatis <a href=\"https:\/\/www.destatis.de\/DE\/Presse\/Pressemitteilungen\/2021\/12\/PD21_563_12.html\">PM Nr 563<\/a> gehe ich davon aus, dass es in der Tat <a href=\"https:\/\/www.statistik.rlp.de\/fileadmin\/dokumente\/monatshefte\/2021\/Juli\/07-2021-508.pdf\">eine \u00dcbersterblichkeit<\/a> in Deutschland gab, d.h. dass in den gemessenen Zeitspannen die Zahl der Sterbef\u00e4lle signifikant \u00fcber der durchschnittlichen Zahl der Sterbef\u00e4lle des vorangegangenen Vergleichszeitraums lag.<\/p>\n<p><a href=\"https:\/\/www.wjst.de\/blog\/wp-content\/uploads\/2021\/12\/Bildschirmfoto-2021-12-11-um-10.42.56.jpg\" data-rel=\"key-image-0\" data-rl_title=\"\" data-rl_caption=\"\" title=\"\"><img loading=\"lazy\" decoding=\"async\" class=\"alignnone size-medium wp-image-18799\" src=\"https:\/\/www.wjst.de\/blog\/wp-content\/uploads\/2021\/12\/Bildschirmfoto-2021-12-11-um-10.42.56-620x525.jpg\" alt=\"\" width=\"620\" height=\"525\" srcset=\"https:\/\/www.wjst.de\/blog\/wp-content\/uploads\/2021\/12\/Bildschirmfoto-2021-12-11-um-10.42.56-620x525.jpg 620w, https:\/\/www.wjst.de\/blog\/wp-content\/uploads\/2021\/12\/Bildschirmfoto-2021-12-11-um-10.42.56-590x500.jpg 590w, https:\/\/www.wjst.de\/blog\/wp-content\/uploads\/2021\/12\/Bildschirmfoto-2021-12-11-um-10.42.56-768x651.jpg 768w, https:\/\/www.wjst.de\/blog\/wp-content\/uploads\/2021\/12\/Bildschirmfoto-2021-12-11-um-10.42.56.jpg 955w\" sizes=\"auto, (max-width: 620px) 100vw, 620px\" \/><\/a><\/p>\n<p>Die Erkl\u00e4rung umfasst<\/p>\n<ul>\n<li>nachlaufende Todesf\u00e4lle zB durch Grippe bei nachlassender Infektionsprophylaxe nach der Welle<\/li>\n<li>vorgezogene Todesf\u00e4lle zB Personen die ohne das Auftreten der Corona-Welle infolge von Vorerkrankungen oder altersbedingt schon fr\u00fcher gestorben w\u00e4ren<\/li>\n<li>reduzierte Therapieangebote w\u00e4hrend der vorangegangenen Welle etwa durch ausbleibende Therapie onkologischer oder kardiovakul\u00e4rer Erkrankungen<\/li>\n<li>eventuell auch noch ein geringer Meldeverzug<\/li>\n<\/ul>\n<p>Die Frage ist ohne Zusatzstudien nicht einfach zu beantworten, ein Zusammenhang mit der Impfung ist aber praktisch ausgeschlossen.<\/p>\n<p><a href=\"https:\/\/www.wjst.de\/blog\/wp-content\/uploads\/2021\/12\/daily-covid-vaccination-doses-per-capita.png\" data-rel=\"key-image-1\" data-rl_title=\"\" data-rl_caption=\"\" title=\"\"><img loading=\"lazy\" decoding=\"async\" class=\"alignnone size-medium wp-image-18800\" src=\"https:\/\/www.wjst.de\/blog\/wp-content\/uploads\/2021\/12\/daily-covid-vaccination-doses-per-capita-620x438.png\" alt=\"\" width=\"620\" height=\"438\" srcset=\"https:\/\/www.wjst.de\/blog\/wp-content\/uploads\/2021\/12\/daily-covid-vaccination-doses-per-capita-620x438.png 620w, https:\/\/www.wjst.de\/blog\/wp-content\/uploads\/2021\/12\/daily-covid-vaccination-doses-per-capita-708x500.png 708w, https:\/\/www.wjst.de\/blog\/wp-content\/uploads\/2021\/12\/daily-covid-vaccination-doses-per-capita-768x542.png 768w, https:\/\/www.wjst.de\/blog\/wp-content\/uploads\/2021\/12\/daily-covid-vaccination-doses-per-capita-1536x1084.png 1536w, https:\/\/www.wjst.de\/blog\/wp-content\/uploads\/2021\/12\/daily-covid-vaccination-doses-per-capita-2048x1446.png 2048w\" sizes=\"auto, (max-width: 620px) 100vw, 620px\" \/><\/a><\/p>\n<p>&nbsp;<\/p>\n\n<p>&nbsp;<\/p>\n<div class=\"bottom-note\">\n  <span class=\"mod1\">CC-BY-NC Science Surf , accessed 26.04.2026<\/span>\n <\/div>","protected":false},"excerpt":{"rendered":"<p>Mit der destatis PM Nr 563 gehe ich davon aus, dass es in der Tat eine \u00dcbersterblichkeit in Deutschland gab, d.h. dass in den gemessenen Zeitspannen die Zahl der Sterbef\u00e4lle signifikant \u00fcber der durchschnittlichen Zahl der Sterbef\u00e4lle des vorangegangenen Vergleichszeitraums lag. Die Erkl\u00e4rung umfasst nachlaufende Todesf\u00e4lle zB durch Grippe bei nachlassender Infektionsprophylaxe nach der Welle &hellip; <a href=\"https:\/\/www.wjst.de\/blog\/sciencesurf\/2021\/12\/uebersterblichkeit-zwischen-den-corona-wellen\/\" class=\"more-link\">Continue reading <span class=\"screen-reader-text\">\u00dcbersterblichkeit zwischen den Corona Wellen<\/span> <span class=\"meta-nav\">&rarr;<\/span><\/a><\/p>\n","protected":false},"author":1,"featured_media":0,"comment_status":"closed","ping_status":"open","sticky":false,"template":"","format":"standard","meta":{"footnotes":""},"categories":[3102],"tags":[3391],"class_list":["post-18798","post","type-post","status-publish","format-standard","hentry","category-one-world","tag-covid-19"],"_links":{"self":[{"href":"https:\/\/www.wjst.de\/blog\/wp-json\/wp\/v2\/posts\/18798","targetHints":{"allow":["GET"]}}],"collection":[{"href":"https:\/\/www.wjst.de\/blog\/wp-json\/wp\/v2\/posts"}],"about":[{"href":"https:\/\/www.wjst.de\/blog\/wp-json\/wp\/v2\/types\/post"}],"author":[{"embeddable":true,"href":"https:\/\/www.wjst.de\/blog\/wp-json\/wp\/v2\/users\/1"}],"replies":[{"embeddable":true,"href":"https:\/\/www.wjst.de\/blog\/wp-json\/wp\/v2\/comments?post=18798"}],"version-history":[{"count":3,"href":"https:\/\/www.wjst.de\/blog\/wp-json\/wp\/v2\/posts\/18798\/revisions"}],"predecessor-version":[{"id":18803,"href":"https:\/\/www.wjst.de\/blog\/wp-json\/wp\/v2\/posts\/18798\/revisions\/18803"}],"wp:attachment":[{"href":"https:\/\/www.wjst.de\/blog\/wp-json\/wp\/v2\/media?parent=18798"}],"wp:term":[{"taxonomy":"category","embeddable":true,"href":"https:\/\/www.wjst.de\/blog\/wp-json\/wp\/v2\/categories?post=18798"},{"taxonomy":"post_tag","embeddable":true,"href":"https:\/\/www.wjst.de\/blog\/wp-json\/wp\/v2\/tags?post=18798"}],"curies":[{"name":"wp","href":"https:\/\/api.w.org\/{rel}","templated":true}]}}