{"id":18834,"date":"2021-12-19T15:12:24","date_gmt":"2021-12-19T13:12:24","guid":{"rendered":"https:\/\/www.wjst.de\/blog\/?p=18834"},"modified":"2021-12-19T15:12:37","modified_gmt":"2021-12-19T13:12:37","slug":"max-planck-ueber-religion-ethik-und-naturwissenschaft","status":"publish","type":"post","link":"https:\/\/www.wjst.de\/blog\/sciencesurf\/2021\/12\/max-planck-ueber-religion-ethik-und-naturwissenschaft\/","title":{"rendered":"Max Planck \u00fcber Religion, Ethik und Naturwissenschaft"},"content":{"rendered":"<blockquote>\n<p style=\"text-align: center;\">IV<\/p>\n<p>&#8230; im gesamten Bereich der Natur ,&#8230;, eine bestimmte Gesetzlichkeit herrscht, welche unabh\u00e4ngig ist von der Existenz einer denkenden Menschheit, welche aber doch, soweit sie \u00fcberhaupt von unseren Sinnen erfa\u00dft werden kann, eine Formulierung zul\u00e4\u00dft, die einen zweckm\u00e4\u00dfigen Handeln entspricht&#8230;<\/p>\n<p style=\"text-align: center;\">V<\/p>\n<p>&#8230; So sind aIle Fragen der Ethik der Naturwissenschaft fremd, ebenso wie andererseits die Gr\u00f6\u00dfe der universellen Naturkonstanten f\u00fcr die Religion ohne jede Bedeutung ist. Dagegen begegnen sich Religion und Naturwissenschaft in der Frage nach der Existenz und nach dem Wesen einer h\u00f6chsten \u00fcber die Welt regierenden Macht, und hier werden die Antworten, die sie beide darauf geben, wenigstens bis zu einem gewissen Grade miteinander vergleichbar&#8230;<br \/>\nWohin und wie weit wir also blicken m\u00f6gen, zwischen Religion und Naturwissenschaft finden wir nirgends einen Widerspruch, wohl aber gerade in den entscheidenden Punkten volle \u00dcbereinstimmung<\/p><\/blockquote>\n<p>&#8220;Religion und Naturwissenschaft&#8221;. Vortrag, gehalten im Baltikum im Mai 1937<\/p>\n\n<p>&nbsp;<\/p>\n<div class=\"bottom-note\">\n  <span class=\"mod1\">CC-BY-NC Science Surf , accessed 26.04.2026<\/span>\n <\/div>","protected":false},"excerpt":{"rendered":"<p>IV &#8230; im gesamten Bereich der Natur ,&#8230;, eine bestimmte Gesetzlichkeit herrscht, welche unabh\u00e4ngig ist von der Existenz einer denkenden Menschheit, welche aber doch, soweit sie \u00fcberhaupt von unseren Sinnen erfa\u00dft werden kann, eine Formulierung zul\u00e4\u00dft, die einen zweckm\u00e4\u00dfigen Handeln entspricht&#8230; V &#8230; So sind aIle Fragen der Ethik der Naturwissenschaft fremd, ebenso wie andererseits &hellip; <a href=\"https:\/\/www.wjst.de\/blog\/sciencesurf\/2021\/12\/max-planck-ueber-religion-ethik-und-naturwissenschaft\/\" class=\"more-link\">Continue reading <span class=\"screen-reader-text\">Max Planck \u00fcber Religion, Ethik und Naturwissenschaft<\/span> <span class=\"meta-nav\">&rarr;<\/span><\/a><\/p>\n","protected":false},"author":1,"featured_media":0,"comment_status":"closed","ping_status":"open","sticky":false,"template":"","format":"standard","meta":{"footnotes":""},"categories":[8,5],"tags":[],"class_list":["post-18834","post","type-post","status-publish","format-standard","hentry","category-asthma-allergy","category-philosophy-of-science"],"_links":{"self":[{"href":"https:\/\/www.wjst.de\/blog\/wp-json\/wp\/v2\/posts\/18834","targetHints":{"allow":["GET"]}}],"collection":[{"href":"https:\/\/www.wjst.de\/blog\/wp-json\/wp\/v2\/posts"}],"about":[{"href":"https:\/\/www.wjst.de\/blog\/wp-json\/wp\/v2\/types\/post"}],"author":[{"embeddable":true,"href":"https:\/\/www.wjst.de\/blog\/wp-json\/wp\/v2\/users\/1"}],"replies":[{"embeddable":true,"href":"https:\/\/www.wjst.de\/blog\/wp-json\/wp\/v2\/comments?post=18834"}],"version-history":[{"count":1,"href":"https:\/\/www.wjst.de\/blog\/wp-json\/wp\/v2\/posts\/18834\/revisions"}],"predecessor-version":[{"id":18835,"href":"https:\/\/www.wjst.de\/blog\/wp-json\/wp\/v2\/posts\/18834\/revisions\/18835"}],"wp:attachment":[{"href":"https:\/\/www.wjst.de\/blog\/wp-json\/wp\/v2\/media?parent=18834"}],"wp:term":[{"taxonomy":"category","embeddable":true,"href":"https:\/\/www.wjst.de\/blog\/wp-json\/wp\/v2\/categories?post=18834"},{"taxonomy":"post_tag","embeddable":true,"href":"https:\/\/www.wjst.de\/blog\/wp-json\/wp\/v2\/tags?post=18834"}],"curies":[{"name":"wp","href":"https:\/\/api.w.org\/{rel}","templated":true}]}}