{"id":22773,"date":"2023-10-20T15:00:48","date_gmt":"2023-10-20T13:00:48","guid":{"rendered":"https:\/\/www.wjst.de\/blog\/?p=22773"},"modified":"2023-10-21T08:48:03","modified_gmt":"2023-10-21T06:48:03","slug":"aktivismus-vs-wissenschaft","status":"publish","type":"post","link":"https:\/\/www.wjst.de\/blog\/sciencesurf\/2023\/10\/aktivismus-vs-wissenschaft\/","title":{"rendered":"Aktivismus vs Wissenschaft"},"content":{"rendered":"<p><a href=\"https:\/\/www.jmwiarda.de\/https-www.jmwiarda.de-2023-09-27-grosse-mehrheit-der-studierenden-in-deutschland-lehnt-aktivismus-in-der-wissenschaft-ab-und-distanziert-sich-von-der-letzten-generation\/\">der Wiarda Blog<\/a> schreibt<\/p>\n<blockquote><p>Die meisten Studierenden lehnen dar\u00fcber hinaus Aktivismus in der Wissenschaft klar ab. 78 Prozent der befragten antworten, dass Wissenschaft politisch neutral sein solle \u2013 das Gegenteil sagen nur neun Prozent. 63 Prozent der Studierenden finden zugleich, dass Wissenschaft kritisch reflektieren sollte, welche politischen Auswirkungen sie hat. Gespalten sind die Befragten bei der Genderforschung: 37 Prozent sagen, sie sei &#8220;oft mehr Ideologie als Wissenschaft&#8221;, 37 Prozent lehnen eine solche Aussage ab. Allerdings: 25 Prozent sind unentschieden. Da Sozialforscher die Antwort &#8220;unentschieden&#8221; jedoch oft als bedingte Zustimmung deuten, muss die Einstellung der Studierenden gegen\u00fcber der Genderforschung wohl als \u00fcberwiegend kritisch eingesch\u00e4tzt werden.<\/p><\/blockquote>\n<p>Der<a href=\"https:\/\/www.soziologie.uni-konstanz.de\/securedl\/sdl-eyJ0eXAiOiJKV1QiLCJhbGciOiJIUzI1NiJ9.eyJpYXQiOjE2OTc2MTM4ODMsImV4cCI6MTY5ODMwNTA4MywidXNlciI6MCwiZ3JvdXBzIjpbMCwtMV0sImZpbGUiOiJmaWxlYWRtaW4vZ3NvL2FnLWhvY2hzY2h1bGZvcnNjaHVuZy9wdWJsaWthdGlvbmVuL0FHLVdlYnNlaXRlL1IzSGlnaEVkX0JlcmljaHRfR2VzYW10XzIwMjMtMDctMTBfa29yci5wZGYiLCJwYWdlIjoxNDkzNjV9.ZIRJtJ3N0PHbJAJl3lcYJzTt21BjHnlnBq6QeUWWf4E\/R3HighEd_Bericht_Gesamt_2023-07-10_korr.pdf\">\u00a0Original Report<\/a> hat auch eine Grafik dazu<\/p>\n<p><a href=\"https:\/\/www.wjst.de\/blog\/wp-content\/uploads\/2023\/10\/Bildschirmfoto-2023-10-19-um-07.59.23.jpg\" data-rel=\"key-image-0\" data-rl_title=\"\" data-rl_caption=\"\" title=\"\"><img loading=\"lazy\" decoding=\"async\" class=\"alignnone size-medium wp-image-22775\" src=\"https:\/\/www.wjst.de\/blog\/wp-content\/uploads\/2023\/10\/Bildschirmfoto-2023-10-19-um-07.59.23-620x371.jpg\" alt=\"\" width=\"620\" height=\"371\" srcset=\"https:\/\/www.wjst.de\/blog\/wp-content\/uploads\/2023\/10\/Bildschirmfoto-2023-10-19-um-07.59.23-620x371.jpg 620w, https:\/\/www.wjst.de\/blog\/wp-content\/uploads\/2023\/10\/Bildschirmfoto-2023-10-19-um-07.59.23-835x500.jpg 835w, https:\/\/www.wjst.de\/blog\/wp-content\/uploads\/2023\/10\/Bildschirmfoto-2023-10-19-um-07.59.23-768x460.jpg 768w, https:\/\/www.wjst.de\/blog\/wp-content\/uploads\/2023\/10\/Bildschirmfoto-2023-10-19-um-07.59.23.jpg 843w\" sizes=\"auto, (max-width: 620px) 100vw, 620px\" \/><\/a><\/p>\n<p>Ich f\u00fchle mich von den 78% <a href=\"https:\/\/www.aerzteblatt.de\/archiv\/213557\/Umwelt-Wissenschaft-oder-Umwelt-Aktivismus\">best\u00e4tigt<\/a>.<\/p>\n\n<p>&nbsp;<\/p>\n<div class=\"bottom-note\">\n  <span class=\"mod1\">CC-BY-NC Science Surf , accessed 26.04.2026<\/span>\n <\/div>","protected":false},"excerpt":{"rendered":"<p>der Wiarda Blog schreibt Die meisten Studierenden lehnen dar\u00fcber hinaus Aktivismus in der Wissenschaft klar ab. 78 Prozent der befragten antworten, dass Wissenschaft politisch neutral sein solle \u2013 das Gegenteil sagen nur neun Prozent. 63 Prozent der Studierenden finden zugleich, dass Wissenschaft kritisch reflektieren sollte, welche politischen Auswirkungen sie hat. Gespalten sind die Befragten bei &hellip; <a href=\"https:\/\/www.wjst.de\/blog\/sciencesurf\/2023\/10\/aktivismus-vs-wissenschaft\/\" class=\"more-link\">Continue reading <span class=\"screen-reader-text\">Aktivismus vs Wissenschaft<\/span> <span class=\"meta-nav\">&rarr;<\/span><\/a><\/p>\n","protected":false},"author":1,"featured_media":0,"comment_status":"closed","ping_status":"open","sticky":false,"template":"","format":"standard","meta":{"footnotes":""},"categories":[20],"tags":[],"class_list":["post-22773","post","type-post","status-publish","format-standard","hentry","category-note-worthy"],"_links":{"self":[{"href":"https:\/\/www.wjst.de\/blog\/wp-json\/wp\/v2\/posts\/22773","targetHints":{"allow":["GET"]}}],"collection":[{"href":"https:\/\/www.wjst.de\/blog\/wp-json\/wp\/v2\/posts"}],"about":[{"href":"https:\/\/www.wjst.de\/blog\/wp-json\/wp\/v2\/types\/post"}],"author":[{"embeddable":true,"href":"https:\/\/www.wjst.de\/blog\/wp-json\/wp\/v2\/users\/1"}],"replies":[{"embeddable":true,"href":"https:\/\/www.wjst.de\/blog\/wp-json\/wp\/v2\/comments?post=22773"}],"version-history":[{"count":5,"href":"https:\/\/www.wjst.de\/blog\/wp-json\/wp\/v2\/posts\/22773\/revisions"}],"predecessor-version":[{"id":22799,"href":"https:\/\/www.wjst.de\/blog\/wp-json\/wp\/v2\/posts\/22773\/revisions\/22799"}],"wp:attachment":[{"href":"https:\/\/www.wjst.de\/blog\/wp-json\/wp\/v2\/media?parent=22773"}],"wp:term":[{"taxonomy":"category","embeddable":true,"href":"https:\/\/www.wjst.de\/blog\/wp-json\/wp\/v2\/categories?post=22773"},{"taxonomy":"post_tag","embeddable":true,"href":"https:\/\/www.wjst.de\/blog\/wp-json\/wp\/v2\/tags?post=22773"}],"curies":[{"name":"wp","href":"https:\/\/api.w.org\/{rel}","templated":true}]}}