{"id":22864,"date":"2023-11-15T16:12:33","date_gmt":"2023-11-15T14:12:33","guid":{"rendered":"https:\/\/www.wjst.de\/blog\/?p=22864"},"modified":"2023-11-16T09:11:24","modified_gmt":"2023-11-16T07:11:24","slug":"asthma-kinderheilstatte-bad-reichenhall","status":"publish","type":"post","link":"https:\/\/www.wjst.de\/blog\/sciencesurf\/2023\/11\/asthma-kinderheilstatte-bad-reichenhall\/","title":{"rendered":"Die Asthma-Kinderheilst\u00e4tte Bad Reichenhall"},"content":{"rendered":"<p>Von den Ereignissen in der 1986 geschlossenen Asthma-Kinderheilst\u00e4tte in Bad Reichenhall h\u00f6re ich heute morgen zum ersten Mal in einem Podcast von BR24. Der Missbrauch geht dabei weit \u00fcber die uns\u00e4glichen <a href=\"https:\/\/verschickungsheime.de\/zeugnis-ablegen\/\">Verschickungsheime der 50er und 60er Jahre<\/a> hinaus, die f\u00fcr Ihre Erziehungsmethoden ber\u00fcchtigt waren.<!--more--><\/p>\n<p>&nbsp;<\/p>\n<figure id=\"attachment_22866\" aria-describedby=\"caption-attachment-22866\" style=\"width: 620px\" class=\"wp-caption alignnone\"><a href=\"https:\/\/www.br.de\/radio\/live\/br24\/programm\/2023-11-15\/3459589\/\" rel=\"key\"><img loading=\"lazy\" decoding=\"async\" class=\"wp-image-22866 size-medium\" src=\"https:\/\/www.wjst.de\/blog\/wp-content\/uploads\/2023\/11\/Bildschirmfoto-2023-11-15-um-12.56.43-620x350.jpg\" alt=\"\" width=\"620\" height=\"350\" srcset=\"https:\/\/www.wjst.de\/blog\/wp-content\/uploads\/2023\/11\/Bildschirmfoto-2023-11-15-um-12.56.43-620x350.jpg 620w, https:\/\/www.wjst.de\/blog\/wp-content\/uploads\/2023\/11\/Bildschirmfoto-2023-11-15-um-12.56.43.jpg 720w\" sizes=\"auto, (max-width: 620px) 100vw, 620px\" \/><\/a><figcaption id=\"caption-attachment-22866\" class=\"wp-caption-text\">https:\/\/www.br.de\/radio\/live\/br24\/programm\/2023-11-15\/3459589\/<\/figcaption><\/figure>\n<p>Daraus auszugsweise das <a href=\"https:\/\/openai.com\/research\/whisper\">automatische Transkript<\/a> der Sendung<\/p>\n<blockquote><p>Auch Anna Meier [Pseudonym] hat den Klinikleiter Dr. Franz Braun erlebt, zwar nicht als Missbrauchst\u00e4ter, aber als eiskalten Arzt. Ihre Vermutung? Das ist ein Altnazi. Die Art, wie die Erziehung war,\u00a0 das war eindeutig schwarze Erziehung.<br \/>\n&#8230;<br \/>\nDer Klinikleiter, ein Alt-Nazi, ein schwerer Vorwurf. Ich gehe ihm nach und stelle einen Antrag beim Bundesarchiv in Berlin auf Akteneinsicht zum Klinikleiter Dr. Franz Braun. Zwei Wochen<br \/>\nsp\u00e4ter kommt seine Studentenakte per E-Mail. Darin steht tats\u00e4chlich. Erster Eintritt in die NSDAP, 1933. Gliederung SS. Dass der Leiter der Asthma-Kinderheilst\u00e4tte nicht nur ein ausgebildeter Milit\u00e4rarzt war, sondern bereits im Jahr der Machtergreifung in die NSDAP, ja sogar in die SS eintrat, das ist f\u00fcr Anna Meier ein Schock.<br \/>\n&#8230;<br \/>\nKeine Akte mehr vorhanden. So lautet die Antwort. Wir werden der Fragestellung nachgehen, wie der Verband in den Nachkriegsjahren bei der Einstellung von Mitarbeitenden mit dem Thema NS-Vergangenheit umgegangen ist.<br \/>\nAllerdings k\u00f6nnen wir das aktuell nicht leisten. Eine unbefriedigende Antwort f\u00fcr Friederich Schmeller und Michael Neumeier, denn zum Zeitrahmen gibt die Einrichtung auf erneute Nachfrage keine konkrete Perspektive. Ich treffe die Betroffenen noch einmal, um ihnen die Ergebnisse meiner Recherche zu zeigen. In der Studentenakte Franz Brauns, die mir das Bundesarchiv geschickt hat, befindet sich auch ein Foto des Klinikleiters. Michael Neumeier will es unbedingt sehen. Er sucht nach einer Best\u00e4tigung. War Dr. Braun einer der Missbrauchst\u00e4ter? Ja, die Gesichtsz\u00fcge. Eindeutig. Das ist er &#8230; 100 Prozent.<\/p><\/blockquote>\n<figure id=\"attachment_22867\" aria-describedby=\"caption-attachment-22867\" style=\"width: 322px\" class=\"wp-caption alignnone\"><a href=\"https:\/\/www.wjst.de\/blog\/wp-content\/uploads\/2023\/11\/Bildschirmfoto-2023-11-15-um-12.58.11.jpg\" rel=\"key\" data-rel=\"key-image-0\" data-rl_title=\"\" data-rl_caption=\"\" title=\"\"><img loading=\"lazy\" decoding=\"async\" class=\"wp-image-22867 \" src=\"https:\/\/www.wjst.de\/blog\/wp-content\/uploads\/2023\/11\/Bildschirmfoto-2023-11-15-um-12.58.11-620x882.jpg\" alt=\"\" width=\"322\" height=\"458\" srcset=\"https:\/\/www.wjst.de\/blog\/wp-content\/uploads\/2023\/11\/Bildschirmfoto-2023-11-15-um-12.58.11-620x882.jpg 620w, https:\/\/www.wjst.de\/blog\/wp-content\/uploads\/2023\/11\/Bildschirmfoto-2023-11-15-um-12.58.11-351x500.jpg 351w, https:\/\/www.wjst.de\/blog\/wp-content\/uploads\/2023\/11\/Bildschirmfoto-2023-11-15-um-12.58.11.jpg 646w\" sizes=\"auto, (max-width: 322px) 100vw, 322px\" \/><\/a><figcaption id=\"caption-attachment-22867\" class=\"wp-caption-text\">Das Postkartenbild von https:\/\/www.ebay.de\/itm\/325146064153 zeigt wohl nicht das Haupthaus https:\/\/www.facebook.com\/231112666978152\/posts\/d41d8cd9\/140942979395574<\/figcaption><\/figure>\n<p>Weitere Augenzeugenberichte zu der Klinik gibt es auf <a href=\"https:\/\/www.facebook.com\/231112666978152\/posts\/d41d8cd9\/140942979395574\/?locale=de_DE\">Facebook<\/a>, von Kindesmissbrauch ist dort aber nicht die Rede.\u00a0 Von F.\u00a0 Braun gibt es einen <a href=\"https:\/\/pubmed.ncbi.nlm.nih.gov\/13189477\/\">Pubmed Artikel<\/a>,\u00a0 dem man noch nachgehen sollte. Allerdings finde ich zu Franz Braun keinen Eintrag bei <a href=\"https:\/\/www.buecher.de\/shop\/drittes-reich\/das-personenlexikon-zum-dritten-reich\/klee-ernst\/products_products\/detail\/prod_id\/14096471\/\">Ernst Klee<\/a>, der nur einen Psychiater Ernst Braun kennt.<\/p>\n\n<p>&nbsp;<\/p>\n<div class=\"bottom-note\">\n  <span class=\"mod1\">CC-BY-NC Science Surf , accessed 26.04.2026<\/span>\n <\/div>","protected":false},"excerpt":{"rendered":"<p>Von den Ereignissen in der 1986 geschlossenen Asthma-Kinderheilst\u00e4tte in Bad Reichenhall h\u00f6re ich heute morgen zum ersten Mal in einem Podcast von BR24. Der Missbrauch geht dabei weit \u00fcber die uns\u00e4glichen Verschickungsheime der 50er und 60er Jahre hinaus, die f\u00fcr Ihre Erziehungsmethoden ber\u00fcchtigt waren. &nbsp; CC-BY-NC Science Surf , accessed 26.04.2026<\/p>\n","protected":false},"author":1,"featured_media":0,"comment_status":"closed","ping_status":"open","sticky":false,"template":"","format":"standard","meta":{"footnotes":""},"categories":[8],"tags":[4238,4239,4237,83],"class_list":["post-22864","post","type-post","status-publish","format-standard","hentry","category-asthma-allergy","tag-bad-reichenhall","tag-klinik","tag-ns","tag-asthma"],"_links":{"self":[{"href":"https:\/\/www.wjst.de\/blog\/wp-json\/wp\/v2\/posts\/22864","targetHints":{"allow":["GET"]}}],"collection":[{"href":"https:\/\/www.wjst.de\/blog\/wp-json\/wp\/v2\/posts"}],"about":[{"href":"https:\/\/www.wjst.de\/blog\/wp-json\/wp\/v2\/types\/post"}],"author":[{"embeddable":true,"href":"https:\/\/www.wjst.de\/blog\/wp-json\/wp\/v2\/users\/1"}],"replies":[{"embeddable":true,"href":"https:\/\/www.wjst.de\/blog\/wp-json\/wp\/v2\/comments?post=22864"}],"version-history":[{"count":12,"href":"https:\/\/www.wjst.de\/blog\/wp-json\/wp\/v2\/posts\/22864\/revisions"}],"predecessor-version":[{"id":22883,"href":"https:\/\/www.wjst.de\/blog\/wp-json\/wp\/v2\/posts\/22864\/revisions\/22883"}],"wp:attachment":[{"href":"https:\/\/www.wjst.de\/blog\/wp-json\/wp\/v2\/media?parent=22864"}],"wp:term":[{"taxonomy":"category","embeddable":true,"href":"https:\/\/www.wjst.de\/blog\/wp-json\/wp\/v2\/categories?post=22864"},{"taxonomy":"post_tag","embeddable":true,"href":"https:\/\/www.wjst.de\/blog\/wp-json\/wp\/v2\/tags?post=22864"}],"curies":[{"name":"wp","href":"https:\/\/api.w.org\/{rel}","templated":true}]}}