{"id":23730,"date":"2024-06-30T12:59:21","date_gmt":"2024-06-30T10:59:21","guid":{"rendered":"https:\/\/www.wjst.de\/blog\/?p=23730"},"modified":"2024-08-19T10:57:05","modified_gmt":"2024-08-19T08:57:05","slug":"der-mailverkehr-des-bmbf","status":"publish","type":"post","link":"https:\/\/www.wjst.de\/blog\/sciencesurf\/2024\/06\/der-mailverkehr-des-bmbf\/","title":{"rendered":"Der Mailverkehr des BMBF"},"content":{"rendered":"<p>(Linksammlung)<\/p>\n<p>Die geleakten NDR Mails auf<br \/>\n<a href=\"https:\/\/daserste.ndr.de\/panorama\/download1200.pdf\">https:\/\/daserste.ndr.de\/panorama\/download1200.pdf<\/a><\/p>\n<p>Alle <a href=\"https:\/\/x.com\/fragdenstaat\/status\/1806254978459181477\">Frag Den Staat<\/a> Emails auf<br \/>\n<a href=\"https:\/\/fragdenstaat.de\/dokumente\/248126-pruefbitte-bmbf-offener-brief\/\">https:\/\/fragdenstaat.de\/dokumente\/248126-pruefbitte-bmbf-offener-brief\/<\/a><\/p>\n<p>Was 3329 Hochschulangeh\u00f6rige dazu meinen<br \/>\n<a href=\"https:\/\/docs.google.com\/forms\/d\/e\/1FAIpQLSccTcNVPTUSpezw2v7wWgNVpoFPfYsYMa9QpLkmCaq4YWy1Nw\/viewform\">https:\/\/docs.google.com\/forms\/d\/e\/1FAIpQLSccTcNVPTUSpezw2v7wWgNVpoFPfYsYMa9QpLkmCaq4YWy1Nw\/viewform<\/a><\/p>\n<p>Was Wissenschaftsfunktion\u00e4re dazu sagen<br \/>\n<a href=\"https:\/\/www.faz.net\/aktuell\/feuilleton\/debatten\/stark-watzinger-will-mit-hochschullehrern-reden-krisengespraech-zum-bmbf-19803153.html\">https:\/\/www.faz.net\/aktuell\/feuilleton\/debatten\/stark-watzinger-will-mit-hochschullehrern-reden-krisengespraech-zum-bmbf-19803153.html<\/a><\/p>\n<p>Die\u00a0 offenen Fragen stehen auf dem Wiarda Blog<br \/>\n<a href=\"https:\/\/www.jmwiarda.de\/2024\/06\/27\/und-jetzt\/\">https:\/\/www.jmwiarda.de\/2024\/06\/27\/und-jetzt<\/a><\/p>\n<p>Der Antrag auf einstweilige Verf\u00fcgung von <a href=\"https:\/\/fragdenstaat.de\/anfrage\/kommunikation-zu-oeffentlichem-brief-ueber-wire\/\">Frag den Staat<\/a>, dem stattgegeben wurde.<\/p>\n<p>Die <a href=\"https:\/\/www.tagesschau.de\/inland\/innenpolitik\/staatssekretaerin-bildungsministerium-klage-100.html\">entlassene Ex Staatssekret\u00e4rin will reden<\/a> &#8211; der &#8220;Pr\u00fcfauftrag&#8221; passt <a href=\"https:\/\/www.wjst.de\/blog\/wp-content\/uploads\/2024\/07\/Freiheit-in-der-Zeitenwende_-Interview-mit-Staatssekretarin-Sabine-Doring-anlasslich-des-Wissenschaftsjahrs-2024-zum-Thema-\u201eFreiheit-_-Geistes-Sozialwissenschaften.pdf\">nicht so recht zu Ihrem Interview vom Mai<\/a> zur Freiheit der Wissenschaft . Der <a href=\"https:\/\/archive.ph\/s7GFC\">BMBF<\/a> Link dazu geht aber nun ins Leere.<\/p>\n<p>Es gibt aber auch noch ein fr\u00fcheres DFG <a href=\"https:\/\/youtu.be\/y-pjfIAy2Kc?si=IxJBsQjPVN2TSoHi&amp;t=1357\">Youtube<\/a> Video von ihr sowie ein neues <a href=\"https:\/\/www.zeit.de\/2024\/30\/sabine-doering-staatssekretaerin-bildungsministerium-foerdermittel-affaere\/komplettansicht\">ZEIT Interview<\/a>.\u00a0Der <a href=\"https:\/\/www.spiegel.de\/politik\/foerdergeldaffaere-interne-chats-zeigen-seltsames-wissenschaftsverstaendnis-von-neuem-staatssekretaer-a-886722a1-ddb2-41b0-b45d-d1333a1a9c23\">neue Staatssekret\u00e4r<\/a> ist auch nicht viel besser wenn er uns als &#8220;verwirrte Gestalten&#8221; bezeichnet.<\/p>\n<p>Update auf dem <a href=\"https:\/\/www.jmwiarda.de\/2024\/08\/19\/f%C3%B6rdermittelaff%C3%A4re-jetzt-m%C3%BCssen-spd-und-gr%C3%BCne-farbe-bekennen\/\">Wiarda Blog<\/a> &#8220;Jetzt m\u00fcssen SPD und Gr\u00fcne Farbe bekennen&#8221;, Deadline ist der 20.8.2024.<\/p>\n<p>&nbsp;<\/p>\n<p>&nbsp;<\/p>\n\n<p>&nbsp;<\/p>\n<div class=\"bottom-note\">\n  <span class=\"mod1\">CC-BY-NC Science Surf , accessed 26.04.2026<\/span>\n <\/div>","protected":false},"excerpt":{"rendered":"<p>(Linksammlung) Die geleakten NDR Mails auf https:\/\/daserste.ndr.de\/panorama\/download1200.pdf Alle Frag Den Staat Emails auf https:\/\/fragdenstaat.de\/dokumente\/248126-pruefbitte-bmbf-offener-brief\/ Was 3329 Hochschulangeh\u00f6rige dazu meinen https:\/\/docs.google.com\/forms\/d\/e\/1FAIpQLSccTcNVPTUSpezw2v7wWgNVpoFPfYsYMa9QpLkmCaq4YWy1Nw\/viewform Was Wissenschaftsfunktion\u00e4re dazu sagen https:\/\/www.faz.net\/aktuell\/feuilleton\/debatten\/stark-watzinger-will-mit-hochschullehrern-reden-krisengespraech-zum-bmbf-19803153.html Die\u00a0 offenen Fragen stehen auf dem Wiarda Blog https:\/\/www.jmwiarda.de\/2024\/06\/27\/und-jetzt Der Antrag auf einstweilige Verf\u00fcgung von Frag den Staat, dem stattgegeben wurde. Die entlassene Ex Staatssekret\u00e4rin will reden &#8211; der &#8220;Pr\u00fcfauftrag&#8221; &hellip; <a href=\"https:\/\/www.wjst.de\/blog\/sciencesurf\/2024\/06\/der-mailverkehr-des-bmbf\/\" class=\"more-link\">Continue reading <span class=\"screen-reader-text\">Der Mailverkehr des BMBF<\/span> <span class=\"meta-nav\">&rarr;<\/span><\/a><\/p>\n","protected":false},"author":1,"featured_media":0,"comment_status":"closed","ping_status":"open","sticky":false,"template":"","format":"standard","meta":{"footnotes":""},"categories":[20],"tags":[4884,4883],"class_list":["post-23730","post","type-post","status-publish","format-standard","hentry","category-note-worthy","tag-bmbf","tag-skandal"],"_links":{"self":[{"href":"https:\/\/www.wjst.de\/blog\/wp-json\/wp\/v2\/posts\/23730","targetHints":{"allow":["GET"]}}],"collection":[{"href":"https:\/\/www.wjst.de\/blog\/wp-json\/wp\/v2\/posts"}],"about":[{"href":"https:\/\/www.wjst.de\/blog\/wp-json\/wp\/v2\/types\/post"}],"author":[{"embeddable":true,"href":"https:\/\/www.wjst.de\/blog\/wp-json\/wp\/v2\/users\/1"}],"replies":[{"embeddable":true,"href":"https:\/\/www.wjst.de\/blog\/wp-json\/wp\/v2\/comments?post=23730"}],"version-history":[{"count":14,"href":"https:\/\/www.wjst.de\/blog\/wp-json\/wp\/v2\/posts\/23730\/revisions"}],"predecessor-version":[{"id":23933,"href":"https:\/\/www.wjst.de\/blog\/wp-json\/wp\/v2\/posts\/23730\/revisions\/23933"}],"wp:attachment":[{"href":"https:\/\/www.wjst.de\/blog\/wp-json\/wp\/v2\/media?parent=23730"}],"wp:term":[{"taxonomy":"category","embeddable":true,"href":"https:\/\/www.wjst.de\/blog\/wp-json\/wp\/v2\/categories?post=23730"},{"taxonomy":"post_tag","embeddable":true,"href":"https:\/\/www.wjst.de\/blog\/wp-json\/wp\/v2\/tags?post=23730"}],"curies":[{"name":"wp","href":"https:\/\/api.w.org\/{rel}","templated":true}]}}