{"id":23767,"date":"2024-07-04T07:13:10","date_gmt":"2024-07-04T05:13:10","guid":{"rendered":"https:\/\/www.wjst.de\/blog\/?p=23767"},"modified":"2024-07-05T09:35:02","modified_gmt":"2024-07-05T07:35:02","slug":"ethikrat-vor-auflosung","status":"publish","type":"post","link":"https:\/\/www.wjst.de\/blog\/sciencesurf\/2024\/07\/ethikrat-vor-auflosung\/","title":{"rendered":"Ethikrat vor Aufl\u00f6sung?"},"content":{"rendered":"<p>Das D\u00c4 schreibt \u00fcber die <a href=\"https:\/\/www.aerzteblatt.de\/nachrichten\/152661\/Haengepartie-fuer-Deutschen-Ethikrat-geht-weiter?\">&#8220;H\u00e4ngepartie f\u00fcr den Deutschen Ethikrat&#8221;<\/a><\/p>\n<blockquote><p>Der Deutsche Ethikrat bleibt vorerst arbeitsunf\u00e4hig. &#8230; Entsprechend des Ethikratgesetzes muss die H\u00e4lfte der normalerweise 26 Ratsmitglieder von der Bundesre\u00adgierung vorgeschlagen werden, die andere H\u00e4lfte vom Parlament. &#8230; Momentan sind lediglich vier Mitglieder im Ethikrat verblieben, deren Amtszeit noch nicht beendet ist: die Theologin Elisabeth Gr\u00e4b-Schmidt, der Physiker Armin Grunwald, der Bioethiker und Philosoph Mark Schweda und die Philosophin und IT-Expertin Judith Simon. Ihnen gehe jetzt Arbeitszeit verloren, so Vetter. Da es bis zur Neuberufung des Rates keine Sitzungen gebe, m\u00fcssten sie unt\u00e4tig warten, bis ihre neuen Kolleginnen und Kollegen berufen seien.<\/p><\/blockquote>\n<p>Ich f\u00fcrchte, weder Bundesregierung noch Parlament hat allzu gro\u00dfes Interesse mehr an den <a href=\"https:\/\/de.wikipedia.org\/wiki\/Deutscher_Ethikrat\">Stellungnahmen,<\/a> die oft reichlich apodiktisch herkamen und &#8211; trotz oder wegen des akademischem Backgrounds nahezu aller Mitglieder\/innen &#8211; <a href=\"https:\/\/www.deutschlandfunk.de\/kritik-an-ethikrat-papier-zu-rechten-fuer-geimpfte-100.html\">nicht immer so qualifiziert waren<\/a> wie man:frau sich das gew\u00fcnscht h\u00e4tte. Statt mehr externe Experten einzubinden, gab es unz\u00e4hlige PR Alleing\u00e4nge\u00a0 der Vorsitzenden [vgl <a href=\"https:\/\/www.wjst.de\/blog\/sciencesurf\/2019\/11\/dabrock-zu-keimbahneingriffen\/\">Dabrock<\/a>, <a href=\"https:\/\/www.wjst.de\/blog\/sciencesurf\/2021\/02\/boese-zungen-und-der-ethikrat\/\">Buyx<\/a>, <a href=\"https:\/\/www.wjst.de\/blog\/?s=Ethikrat\">u.v.a.m.<\/a>]. Der Ethikrat steht sicher nicht vor der Aufl\u00f6sung &#8211; er ist immerhin gesetzlich legitimiert &#8211; aber als Gremium hat er an Bedeutung verloren.<\/p>\n\n<p>&nbsp;<\/p>\n<div class=\"bottom-note\">\n  <span class=\"mod1\">CC-BY-NC Science Surf , accessed 26.04.2026<\/span>\n <\/div>","protected":false},"excerpt":{"rendered":"<p>Das D\u00c4 schreibt \u00fcber die &#8220;H\u00e4ngepartie f\u00fcr den Deutschen Ethikrat&#8221; Der Deutsche Ethikrat bleibt vorerst arbeitsunf\u00e4hig. &#8230; Entsprechend des Ethikratgesetzes muss die H\u00e4lfte der normalerweise 26 Ratsmitglieder von der Bundesre\u00adgierung vorgeschlagen werden, die andere H\u00e4lfte vom Parlament. &#8230; Momentan sind lediglich vier Mitglieder im Ethikrat verblieben, deren Amtszeit noch nicht beendet ist: die Theologin Elisabeth &hellip; <a href=\"https:\/\/www.wjst.de\/blog\/sciencesurf\/2024\/07\/ethikrat-vor-auflosung\/\" class=\"more-link\">Continue reading <span class=\"screen-reader-text\">Ethikrat vor Aufl\u00f6sung?<\/span> <span class=\"meta-nav\">&rarr;<\/span><\/a><\/p>\n","protected":false},"author":1,"featured_media":0,"comment_status":"closed","ping_status":"open","sticky":false,"template":"","format":"standard","meta":{"footnotes":""},"categories":[5],"tags":[3125],"class_list":["post-23767","post","type-post","status-publish","format-standard","hentry","category-philosophy-of-science","tag-ethikrat"],"_links":{"self":[{"href":"https:\/\/www.wjst.de\/blog\/wp-json\/wp\/v2\/posts\/23767","targetHints":{"allow":["GET"]}}],"collection":[{"href":"https:\/\/www.wjst.de\/blog\/wp-json\/wp\/v2\/posts"}],"about":[{"href":"https:\/\/www.wjst.de\/blog\/wp-json\/wp\/v2\/types\/post"}],"author":[{"embeddable":true,"href":"https:\/\/www.wjst.de\/blog\/wp-json\/wp\/v2\/users\/1"}],"replies":[{"embeddable":true,"href":"https:\/\/www.wjst.de\/blog\/wp-json\/wp\/v2\/comments?post=23767"}],"version-history":[{"count":5,"href":"https:\/\/www.wjst.de\/blog\/wp-json\/wp\/v2\/posts\/23767\/revisions"}],"predecessor-version":[{"id":23774,"href":"https:\/\/www.wjst.de\/blog\/wp-json\/wp\/v2\/posts\/23767\/revisions\/23774"}],"wp:attachment":[{"href":"https:\/\/www.wjst.de\/blog\/wp-json\/wp\/v2\/media?parent=23767"}],"wp:term":[{"taxonomy":"category","embeddable":true,"href":"https:\/\/www.wjst.de\/blog\/wp-json\/wp\/v2\/categories?post=23767"},{"taxonomy":"post_tag","embeddable":true,"href":"https:\/\/www.wjst.de\/blog\/wp-json\/wp\/v2\/tags?post=23767"}],"curies":[{"name":"wp","href":"https:\/\/api.w.org\/{rel}","templated":true}]}}