{"id":25471,"date":"2025-08-04T14:24:04","date_gmt":"2025-08-04T12:24:04","guid":{"rendered":"https:\/\/www.wjst.de\/blog\/?p=25471"},"modified":"2025-11-20T19:05:51","modified_gmt":"2025-11-20T17:05:51","slug":"das-versagen-der-ekd","status":"publish","type":"post","link":"https:\/\/www.wjst.de\/blog\/sciencesurf\/2025\/08\/das-versagen-der-ekd\/","title":{"rendered":"Das Versagen der evangelischen Kirche Deutschlands"},"content":{"rendered":"<p>Es ist ja nicht so, da\u00df sich die Diakonie &#8211; der soziale Dienst der Evangelischen Kirche in Deutschland EKD &#8211; umgehend\u00a0 nach dem Hamas \u00dcberfall im Oktober 2023 mit Spendenaufrufen gemeldet h\u00e4tte (ohne aber selbst vor Ort aktiv gewesen zu sein).<\/p>\n<p>Oder da\u00df die EKD nicht zu Gebeten f\u00fcr den Frieden aufgerufen h\u00e4tte. Aber hat sie die Bundesregierung jemals f\u00fcr die\u00a0 Waffenlieferungen in die Kriegsregion kritisiert?<\/p>\n<p>Wenn auch nicht gleich in 2023, aber dann doch 2024 nach der zunehmend brutaleren Kriegsf\u00fchrung Israels?<!--more--><\/p>\n<p><a href=\"https:\/\/www.amnesty.de\/aktuel\/israel-palaestina-haftbefehle-netanjahu-gallant-deif-kriegsverbrechen-internationaler-strafgerichtshof-istgh\">Haftbefehl aus Den Haag f\u00fcr\u00a0 Netanjahu<\/a>? <a href=\"https:\/\/www.tagesschau.de\/ausland\/asien\/israel-beschuss-rettungskraefte-100.html\">Zerbombte Krankenw\u00e4gen<\/a>? <a href=\"https:\/\/www.evangelisch.de\/inhalte\/203178\/22-06-2022\/die-zehn-gebote-im-ueberblick\">Und das 5. Gebot<\/a>? <a href=\"https:\/\/www.theatlantic.com\/photography\/archive\/2025\/07\/photos-starvation-and-chaos-gaza\/683693\/\">Oder die verhungernden Kinder in Gaza<\/a>? <a href=\"https:\/\/taz.de\/Israels-Iran-Angriff\/!6091717\/\">V\u00f6lkerrechtswidriger Angriff auf den Iran<\/a>?<\/p>\n<p>Nichts davon ruft\u00a0 in der EKD einen gr\u00f6sseren Aufschrei hervor.<\/p>\n<p>Es stehen eben 104 evangelische Milit\u00e4rpfarr\u00e4mter der EKD genau 0 Bundesbeauftragten f\u00fcr den Zivildienst gegen\u00fcber. Und ein <span class=\"relative -mx-px my-[-0.2rem] rounded px-px py-[0.2rem] transition-colors duration-100 ease-in-out\">EKD\u2011&#8221;Friedensbeauftragter&#8221; <a href=\"https:\/\/www.ekmd.de\/aktuell\/nachrichten\/ekd-friedensbeauftragter-gebet-f-r-den-frieden-im-heiligen-land-ist-wichtiger-denn-je.html\">Landesbischof Friedrich Kramer<\/a>, der formuliert:<\/span><\/p>\n<blockquote data-start=\"513\" data-end=\"639\">\n<p data-start=\"515\" data-end=\"639\"><span class=\"relative -mx-px my-[-0.2rem] rounded px-px py-[0.2rem] transition-colors duration-100 ease-in-out\">\u201eUnsere Solidarit\u00e4t mit Israel und das Existenzrecht Israels stehen au\u00dfer Frage. Und gerade angesichts des schrecklichen Terrors der Hamas gilt unser Mitgef\u00fchl den Menschen in Israel.\u201c<\/span><\/p>\n<\/blockquote>\n<p>Die katholische Kirche hat hier eine andere Position, zum Beispiel <a href=\"https:\/\/en.wikipedia.org\/wiki\/Catholicism_and_Zionism\">hier<\/a><\/p>\n<blockquote><p>Die katholische Kirche lehnt eine theologische Grundlage f\u00fcr den Zionismus ab und hat sich historisch dagegen gestellt. Dennoch nahm der Vatikan 1993 diplomatische Beziehungen zum Staat Israel auf \u2013 eine Entscheidung, die auf der Anerkennung politischer und gesellschaftlicher Realit\u00e4ten beruhte, nicht auf christlich-zionistischer Theologie. Heute erkennt der Vatikan sowohl Israel als auch den Staat Pal\u00e4stina an und bef\u00fcrwortet eine Zwei-Staaten-L\u00f6sung. Wichtig ist, dass die katholische Lehre den Gl\u00e4ubigen keine bestimmte politische Haltung zur Existenz Israels vorschreibt. Daher gibt es weltweit eine Vielfalt katholischer Meinungen zu diesem Thema.<\/p><\/blockquote>\n<p>Die Verlautbarungen des \u00d6kumenischen Rates der Kirchen zu dem Konflikt ist somit aus katholischer Sicht verst\u00e4ndlich. Der \u00d6RK hat nicht zuletzt auch\u00a0 eine Stellungnahme zu Pal\u00e4stina und Israel ver\u00f6ffentlicht, in der Israel vorgeworfen wird, den Pal\u00e4stinensern ein Apartheid-System aufzuerlegen. Das hat vor allem im konservativen evangelischen Lager zu Ver\u00e4rgerung gef\u00fchrt wo Kritik sofort als antisemitisch gebrandmarkt wird. Dabei hat Bedford-Strom in seiner Funktion als Vorsitzender des \u00d6RK Zentralausschusses doch klar gemacht, was gemeint ist:<\/p>\n<blockquote><p>Ich habe \u00f6ffentlich, aber auch in den Sitzungen darauf hingewiesen, dass ich Analogien und Unterschiede [in der Apartheid Diskussion] sehe. Es gibt Analogien, weil es tats\u00e4chlich, etwa in der Westbank, eine Situation gibt, wo eine bestimmte Gruppe von Menschen, in diesem Fall eben die Pal\u00e4stinenser, bestimmte Rechte nicht hat. Da werden Leute ohne Verfahren inhaftiert \u00fcber lange Zeit. Da wird sich Land genommen, was anderen geh\u00f6rt, und die Polizei schaut zu. Gleichzeitig gibt es aber auch Unterschiede. Der gr\u00f6\u00dfte Unterschied f\u00fcr mich besteht darin, dass wir es in Israel nicht mit wei\u00dfen Kolonialisten zu tun haben, die sich Land nehmen, um dort wirtschaftlich zu prosperieren, sondern hier handelt es sich um ein absolut traumatisiertes Volk, bei dem bis 1945 sechs Millionen Menschen ermordet worden sind und das durch den UNO-Beschluss den einen Ort auf der Welt fand, wo es sich sicher f\u00fchlen kann. [&#8230;] Die Eskalation in j\u00fcngerer Zeit hat das noch versch\u00e4rft: Die brutalen Morde des 7. Oktober, dann die v\u00f6llig unverh\u00e4ltnism\u00e4\u00dfige Reaktion auf diesen Angriff. Dann ist Trump in den USA gew\u00e4hlt worden. Ein US-Botschafter ist nach Israel berufen worden, Mike Huckabee, der als christlicher Zionist bekannt ist und der \u00fcberhaupt kein Hehl draus macht, dass er eine Annexion der besetzten Gebiete durch Israel anstrebt. Er spricht auch nur von Jud\u00e4a und Samaria, nicht von Pal\u00e4stina.<\/p><\/blockquote>\n<p>Die offizielle EKD Reaktion auf die \u00d6RK Resolution und ihren fr\u00fcheren Vorsitzenden? Sie tritt zwar f\u00fcr Einhaltung des &#8220;humanit\u00e4ren V\u00f6lkerrechts&#8221;, aber ignoriert die Siedlungspolitik. Besch\u00e4mend.<\/p>\n<blockquote><p>Die Erkl\u00e4rung des \u00d6RK-Zentralausschusses zu Pal\u00e4stina und Israel relativiert in ihrem Titel den Beschluss der Vollversammlung des \u00d6RK vom September 2022, demzufolge Israel nicht als Apartheidstaat bezeichnet wurde. Diese Relativierung kann die EKD nicht teilen. Die EKD h\u00e4lt an ihrer Positionierung von 2022 fest, dass der Begriff \u201eApartheid\u201c die komplexe Realit\u00e4t in Israel und den pal\u00e4stinensischen Gebieten nicht in geeigneter Weise beschreibt. Der Begriff entstammt dem spezifischen historischen Kontext des s\u00fcdafrikanischen Systems der gesetzlich verankerten rassistischen Trennung und Unterdr\u00fcckung. Eine \u00dcbertragung dieses Begriffs auf die Situation in Israel und den besetzten Gebieten greift aus unserer Sicht zu kurz und tr\u00e4gt nicht zu einer sachgerechten und verantwortlichen Debatte bei. Unrecht und Leid durch die fortgesetzte Besatzung des Westjordanlandes und den Krieg in Gaza m\u00fcssen benannt werden. Die EKD tritt f\u00fcr die Einhaltung des humanit\u00e4ren V\u00f6lkerrechts ein und fordert eine L\u00f6sung, die Sicherheit und Rechte f\u00fcr alle Menschen in der Region gew\u00e4hrleistet.<\/p><\/blockquote>\n<p>Warum unterscheidet sich aber nur evangelische Kirche hier so sehr von der katholischen Bischofskonferenz? Ich sehe zwei Gr\u00fcnde &#8211; zum einen die nationale Herkunft der EKD, zum anderen ihre &#8220;sola scriptura&#8221; Pr\u00e4misse.<\/p>\n<p>Zun\u00e4chst zu sola scriptura\u00a0 &#8211; nur die Schrift soll gelten. Evangelikale Christen legen die Bibel w\u00f6rtlich aus. Sie verstehen die R\u00fcckkehr der Juden heilsgeschichtlich ins Land Israel und die Gr\u00fcndung des Staates Israel 1948 als Erf\u00fcllung biblischer Prophezeiungen (z.\u202fB. nach Hesekiel 37, Jesaja 11, Josua 23&#8230;). Dadurch wird die moderne israelische Politik als Teil des g\u00f6ttlichen Plans gesehen. Einflussreiche protestantische Str\u00f6mungen wie der Dispensationalismus lehren, dass Gott mit Israel einen bleibenden Bund hat, unabh\u00e4ngig von Jesu Kommen. In dieser Sicht wird zwischen der \u201eGemeinde\/Kirche&#8221; und \u201eIsrael\u201c unterschieden. Sie glauben, dass Israel in der Endzeit eine zentrale Rolle spielt. Die Bibel kennt allerdings keine UN-Charta, keine universellen Menschenrechte, nur Verhei\u00dfungen und Prophezeiungen die nur dem einem, n\u00e4mlich dem eigenen Volk gelten. Die politische Unterst\u00fctzung Israels\u00a0 wird also entgegen der universellen Menschenrechte als religi\u00f6s geboten verstanden. Jahrtausende alte prophetische Texte werden dabei f\u00fcr\u00a0 eine aberwitzigen Rechtfertigung\u00a0 missbraucht. Prophezeiungen, die sich nun erf\u00fcllen &#8211; <a href=\"https:\/\/www.amazon.de\/gp\/customer-reviews\/R1XGDSIHFTNK3T?ref=pf_ov_at_pdctrvw_srp\">Thomas Theorem\u00a0<\/a> \u201eWenn die Menschen Situationen als wirklich definieren, sind diese in ihren Konsequenzen wirklich\u201c.<\/p>\n<p>Aber nicht genug damit, Luthers <em>sola scriptura<\/em> f\u00fchrt ausserdem zu einer\u00a0 starken Gewichtung des Alten Testamentes, die praktisch gleichwertig mit dem Neuen Testament ist, ohne kirchliche Traditionen oder Dogmen als Deutungsrahmen. So wird Israel als Gottes \u201eauserw\u00e4hltes Volk\u201c ohne irgendeine theologische Relativierung gesehen. Der aktuelle Krieg erinnert damit\u00a0 in einigen Aspekten auch an die vielen Kriege des orientalischen Hirtenvolkes das in den B\u00fcchern Josua, Richter, Samuel und\u00a0 K\u00f6nige gegen alle andere V\u00f6lker k\u00e4mpft, was nicht zuletzt auch das &#8220;role model&#8221; f\u00fcr das aktuelle Selbstverst\u00e4ndnis ist. Es sind Kriege, die von Gott pers\u00f6nlich befohlen wurden &#8211; etwa wie die Eroberung Kanaans (Josua 6). Teilweise wurde schon damals der sogenannte Herem (\u05d7\u05b5\u05e8\u05b6\u0e21 die vollst\u00e4ndige Vernichtung des Gegners) praktiziert \u2013 eine Form heiliger Kriegsf\u00fchrung, bei der ganze St\u00e4dte ausgel\u00f6scht wurden. Kriege dienten der Erweiterung des \u201everhei\u00dfenen Landes\u201c wie auch jetzt wieder im <a href=\"https:\/\/www.deutschlandfunk.de\/medienbericht-netanjahu-erwaegt-einnahme-des-gesamten-gazastreifens-100.html\">aktuellen Gaza Krieg<\/a>. Nach der lutherischen Zwei-Reiche-Lehre ist ein Staat nicht verwerflich der Krieg f\u00fchrt, wenn dies zur Aufrechterhaltung der Ordnung notwendig ist. GOTT MIT UNS war nicht nur auf der\u00a0 Gedenkm\u00fcnze zum 400-j\u00e4hrigen Reformationsjubil\u00e4um 1917 gepr\u00e4gt, sondern auch die Inschrift auf dem Koppelschloss der deutschen Wehrmacht bis 1945.<\/p>\n<p>Die katholische Kirche betrachtet Krieg dagegen als moralisches \u00dcbel, das nur unter sehr engen Bedingungen gerechtfertigt sein kann. Das Ideal ist der gerechte Friede <em>justa pax<\/em>. Zudem interpretiert die katholische Kirche die alttestamentliche Verhei\u00dfungen geistlich \/ symbolisch, d.\u202fh. sie sieht die Kirche als das \u201eneue Israel\u201c an. Sie sieht diese Verhei\u00dfungen in Christus erf\u00fcllt und auf die Kirche hin vollendet. Diese Sichtweise hat ihren Ursprung nicht in kirchlicher Willk\u00fcr, sondern ist\u00a0 in der Bibel und fr\u00fchkirchlichen Theologie verankert etwa bei Paulus \u201eNicht alle, die aus Israel stammen, sind Israel [\u2026], sondern die Kinder der Verhei\u00dfung gelten als Nachkommen.\u201c (<a href=\"https:\/\/www.bibleserver.com\/EU\/R%C3%B6mer9%2C6-8\">R\u00f6m 9,6\u20138<\/a> oder <a href=\"https:\/\/www.bibleserver.com\/EU\/R%C3%B6mer2%2C28-29\">2,28-29<\/a>; <a href=\"https:\/\/www.bibleserver.com\/EU\/Galater3%2C26\">Gal 3,26<\/a>; <a href=\"https:\/\/www.bibleserver.com\/EU\/1.Petrus2%2C9\">1. Petr 2,9<\/a>).<\/p>\n<p>Dazu ist die katholische Kirche aber auch weitaus mehr \u00fcberstaatlich orientiert als die nationalstaatliche evangelische Kirche.\u00a0 Es ist der strukturelle Unterschiede von globaler vs. f\u00f6deraler Organisation. Die katholische Kirche hat eine zentrale, hierarchische Struktur mit dem Papst als oberstem Hirten in Rom. Der Vatikan ist ein eigenst\u00e4ndiger Staat und Akteur im internationalen diplomatischen Gef\u00fcge, die meisten Entscheidungen und Positionen werden auf globaler Ebene (Konzilien, Enzykliken, Bischofssynoden) abgestimmt, was eine supranationale Sichtweise und Diplomatie f\u00f6rdert. Die EKD dagegen ist ein Zusammenschluss aus 20 Landeskirchen mit f\u00f6deralem Charakter, stark auf nationale Kontexte bezogen und ohne einheitlichem, zentralem Lehramt wie dem des Papstes. In ihrer \u00d6RK Antwort ist sie dadurch befangen und wirkt durch die Ausrichtung an nationalen und regionalen Fragen geradezu engstirnig.\u00a0 Der Nationalismus dagegen gilt Katholiken als problematisch, weil er die Einheit der Kirche untergr\u00e4bt. Die katholische Soziallehre betont die\u00a0 universale Menschenrechte, Gerechtigkeit, Gemeinwohl (vgl. Gaudium et Spes, Caritas in Veritate).<\/p>\n<p>Die Reformation dagegen war eng mit dem Aufstieg des Nationalstaats verbunden. Luther selbst betonte immer wieder das Prinzip der &#8220;Obrigkeit&#8221; (<a href=\"https:\/\/www.bibleserver.com\/EU\/R%C3%B6mer13\">R\u00f6m 13<\/a>) und die enge Verbindung von Kirche und Staat. Die evangelische Kirche in Deutschland wurde \u00fcber Jahrhunderte hinweg als &#8220;Volkskirche&#8221; verstanden \u2013 eng mit dem deutschen Staat und der deutschen Nation verbunden. &#8220;Etwa 20 Prozent der evangelischen Pfarrer waren [NSDAP] Parteimitglieder, die Anzahl der katholischen Priester lag bei unter einem Prozent\u201c sagt <a href=\"https:\/\/www.tagesspiegel.de\/wissen\/vom-kreuz-zum-hakenkreuz-6181264.html\">Manfred Gailus<\/a>. Aber auch aktuell sind die EKD-Stellungnahmen meist auf deutsche Themen fokussiert: deutsche Erinnerungskultur, deutscher Sozialstaat, die spezifisch deutschen Verantwortung f\u00fcr Israel. W\u00e4hrend die katholische Kirche \u00fcberstaatlich gepr\u00e4gt ist durch ihre universale Struktur der Weltkirche, bleibt die EKD kleinstaatlich und national r\u00fcckst\u00e4ndig, weil sie historisch und strukturell einer <a href=\"https:\/\/www.wjst.de\/blog\/sciencesurf\/2025\/07\/fragen-und-antworten-zur-staatsrason\/\">deutschen Staatsr\u00e4son<\/a> verhaftet ist, die schliesslich auch <a href=\"https:\/\/www.amazon.de\/Angela-Merkel-Die-Protestantin-Portr%C3%A4t\/dp\/374624563X\">von einer Protestantin<\/a> 2008 so <a href=\"https:\/\/www.bundesregierung.de\/breg-de\/service\/newsletter-und-abos\/bulletin\/rede-von-bundeskanzlerin-dr-angela-merkel-796170\">formuliert wurde<\/a>.<\/p>\n<p>Ist das nun also ein Pl\u00e4doyer zur Konvertierung? Nein, <a href=\"https:\/\/www.deutschlandfunk.de\/katholische-kirche-hat-als-institution-komplett-versagt-100.html\">Theodore McCarrick,<\/a>\u00a0<a href=\"https:\/\/de.wikipedia.org\/wiki\/Ida_Raming\">Ida Raming,<\/a>\u00a0<a href=\"https:\/\/www.spiegel.de\/panorama\/erzbistum-koeln-nichthandeln-des-vatikans-belastet-und-schaedigt-die-katholische-kirche-als-ganze-a-1faa7db7-f374-481f-bfb8-8ea672e21f05\">Rainer Woelki,<\/a>\u00a0<a href=\"https:\/\/de.wikipedia.org\/wiki\/Franz-Peter_Tebartz-van_Elst\">Franz-Peter Tebartz-van Elst,<\/a>\u00a0<a href=\"https:\/\/www.regensburg-digital.de\/kardinal-mueller-radikalisiert-sich-weiter\/13122021\/\">Gerhard Ludwig M\u00fcller<\/a>, <a href=\"https:\/\/www.faz.net\/aktuell\/politik\/ausland\/afrika-reise-papst-kondome-vergroessern-das-aids-problem-1927889.html\">Joseph Ratzinger<\/a>, <a href=\"https:\/\/en.wikipedia.org\/wiki\/Bon_Secours_Mother_and_Baby_Home\">Hortense McNamara<\/a> und <a href=\"https:\/\/www.tagesschau.de\/inland\/innenpolitik\/brosius-gersdorf-katholische-kirche-100.html\">Herwig G\u00f6ssl<\/a> sprechen allf\u00e4llig dagegen. allenfalls <a href=\"https:\/\/www.spiegel.de\/ausland\/matteo-zuppi-italienischer-kardinal-will-namen-der-toten-kinder-von-gaza-vorlesen-a-fae3d133-8185-4098-9e05-384b82b0e235?sara_ref=re-so-app-sh\">Matteo Zuppi<\/a> daf\u00fcr.\u00a0 Aber ein Pl\u00e4doyer zur Konversion ist es durchaus.<\/p>\n<p>&nbsp;<\/p>\n<p><span style=\"text-decoration: underline;\">8 Aug 2025<\/span><\/p>\n<p>Die Bundesregierung beendet die <a href=\"https:\/\/www.spiegel.de\/politik\/friedrich-merz-bundesregierung-stoppt-waffenlieferungen-fuer-israels-gazakrieg-a-6202b4a8-dccd-4cfd-97b0-e13756231e96\">Lieferung von R\u00fcstungsg\u00fctern f\u00fcr Israel <\/a>\u00a0auch ohne EKD Intervention.<\/p>\n<p>&nbsp;<\/p>\n<p><u>14 Aug 2025<\/u><\/p>\n<p>Zumindest ein weiterer Evangelischer der nicht wegschauen will: <a href=\"https:\/\/www.evangelisch.de\/inhalte\/245481\/14-07-2025\/alt-bischof-erneuert-scharfe-kritik-abromeit-ekd-schweigt-zu-israels-verstoessen\">Hans-J\u00fcrgen Abromeit<\/a><\/p>\n<blockquote><p>Niemand wird aber im Ernst bestreiten, dass ein Volk, dem vor 80 und 90 Jahren gro\u00dfes Unrecht angetan worden ist, in einer anderen Konstellation heute selbst Unrecht tun kann. Teile des j\u00fcdischen Volkes, sowohl einzelne j\u00fcdische Menschen und Gruppen als auch Organe des Staates Israel verletzen gegenw\u00e4rtig systematisch Menschenrechte und V\u00f6lkerrecht, ja versto\u00dfen auch gegen ausdr\u00fcckliche Gebote der Thora und der Propheten. Den Pal\u00e4stinensern, egal ob beteiligt am Terror gegen Israel oder nicht, egal ob Muslime oder Christen, wird die Lebensgrundlage entzogen. Gro\u00dfe Teile der deutschen Gesellschaft, die deutsche Politik und auch viele Christen und die evangelischen Kirchen sind aber bereit, dieses Unrecht zu \u00fcbersehen&#8230; Netanjahu [hielt] am 28. Oktober 2023 seine Rede, in der er eine lange Tradition der Rechten und Faschisten in Israel aufnahm, nach der die Pal\u00e4stinenser das heutige Amalek seien. Amalek ist nach 5. Mose 25, 17-19 und 1. Samuel 15 der Erzfeind Israels und muss ausgel\u00f6scht werden. Seitdem verfolgt Israel eine Politik der Vernichtung der Pal\u00e4stinenser oder zumindest des Transfers aus dem Gazastreifen.<\/p><\/blockquote>\n<p>Und eine evangelische Kirche <a href=\"https:\/\/www.hessenschau.de\/gesellschaft\/israelische-botschaft-kritisiert-gaza-banner-in-marburger-kirche-v1,pfarrkirche-marburg-banner-100.html\">die \u00c4rger bekommt<\/a> aber eilfertig reagiert.<\/p>\n<blockquote><p>Nach Beschwerden der israelischen Botschaft in Berlin hat die Lutherische Pfarrkirche in Marburg ein Exponat aus einer dort gezeigten Ausstellung entfernt. Das Banner zeigt rote Bluttr\u00e4nen-Symbole. Sie sollen laut einer Bildbeschreibung daneben an mehr als 16.800 Kinder erinnern, die Israel seit Oktober 2023 &#8220;in Gaza ermordet hat&#8221;, wie es hei\u00dft.<\/p><\/blockquote>\n<p>&nbsp;<\/p>\n<p><u>3 Okt 2025<\/u><\/p>\n<p><a href=\"https:\/\/www.ekd.de\/evangelische-kirche-gedenkt-gemeinsam-der-opfer-des-7-oktober-92228.htm\">Die evangelischen Bisch\u00f6fe gedenken gemeinsam der Opfer des 7. Oktober<\/a><\/p>\n<blockquote><p>\u201eDer 7. Oktober markiert den Tag des schlimmsten Massakers an J\u00fcdinnen und Juden seit der Shoa: Terroristen der Hamas griffen Israel in einem beispiellosen Terrorakt an, ermordeten \u00fcber 1.000 Menschen, verschleppten 251 und verletzten viele weitere. Dieses Verbrechen hat tiefe Wunden hinterlassen &#8211; bei den Opfern und ihren Familien, in der israelischen Gesellschaft und bei J\u00fcdinnen und Juden weltweit.<br \/>\nHeute, zwei Jahre sp\u00e4ter, ist die Situation in Israel und den pal\u00e4stinensischen Gebieten von Gewalt und Zerst\u00f6rung gepr\u00e4gt: durch die fortgesetzte Gefangenschaft israelischer Geiseln und andauernde Angriffe auf Israel, durch den Gaza-Krieg mit Zehntausenden zivilen Opfern und die Zerst\u00f6rung der Lebensgrundlage im Gazastreifen. Die Traumatisierung und das Leid der israelischen wie auch der pal\u00e4stinensischen Bev\u00f6lkerung pr\u00e4gen die Gegenwart.<br \/>\nWir beklagen das Leiden der Zivilbev\u00f6lkerung auf beiden Seiten und erinnern eindringlich daran, dass alle Konfliktparteien aufgerufen sind, die Grunds\u00e4tze des humanit\u00e4ren V\u00f6lkerrechts und internationale Vereinbarungen zu achten.<br \/>\nMit gro\u00dfer Sorge nehmen wir wahr, wie die Kirchen im Heiligen Land gef\u00e4hrdet sind.<\/p><\/blockquote>\n<p>Im Nebensatz kommen auch noch die Opfer auf der anderen Seite vor, dabei sind <a href=\"https:\/\/de.statista.com\/statistik\/daten\/studie\/1417316\/umfrage\/opferzahlen-im-terrorkrieg-der-hamas-gegen-israel\/#:~:text=Im%20Gazastreifen%20sind%20seit%20dem,gestorben%2C%20rund%20167.160%20wurden%20verletzt.\">im Gazastreifen sind seit dem 7. Oktober 2023<\/a> durch Angriffe des israelischen Milit\u00e4rs 65.419 Menschen gestorben,\u00a0 167.160 wurden verletzt &#8211; <a href=\"https:\/\/www.bmj.com\/content\/390\/bmj-2025-087524\">siehe auch das BMJ<\/a>.<\/p>\n<p>V\u00f6llig anders &#8211; differenziert und ausgewogen &#8211; die <a href=\"https:\/\/www.khsb-berlin.de\/hochschule\/service\/nachrichten\/friede-fuer-israel-und-palaestina.html\">katholische Stellungnahme<\/a> zum 7.10. (<a href=\"https:\/\/www.khsb-berlin.de\/fileadmin\/user_upload\/Dokumente\/News\/HVV-Fulda-Pressebericht-Erklaerung-zum-Gazakrieg.pdf\">Pressemitteilung<\/a>)<\/p>\n<blockquote><p>Der Terrorangriff der Hamas habe den Krieg ausgel\u00f6st und sei scharf zu verurteilen, das Recht Israels auf Selbstverteidigung stehe au\u00dfer Frage: &#8220;Aber es ist nicht schrankenlos, sondern unterliegt den limitierenden Vorgaben des V\u00f6lkerrechts.&#8221;\u00a0 Der Versuch der israelischen Regierung die Hamas milit\u00e4risch zu vernichten, hat katastrophale Folgen und unermessliches Leid f\u00fcr die Zivilbev\u00f6lkerung im Gazastreifen bewirkt: \u00fcber 60.000 Tote, mehr als 150.000 Verletzte, 2 Millionen vom Hunger Bedrohte und massive Zerst\u00f6rung der Infrastruktur.<\/p><\/blockquote>\n<p>&nbsp;<\/p>\n<p><u>1 Nov 2025<\/u><\/p>\n<p>Und wieder eine <a href=\"https:\/\/www.evangelisch.de\/inhalte\/249103\/01-11-2025\/bischof-spricht-von-genozid-nrw-delegation-entsetzt\">schrille evangelische Reaktion<\/a>. Die Pr\u00e4ses der Evangelischen Kirche von Westfalen, Adelheid Ruck-Schr\u00f6der, sprach von einem \u201eSkandal am Reformationstag\u201c nachdem Sani Ibrahim Azar, Bischof der Evangelisch-Lutherischen Kirche in Jordanien und im Heiligen Land, in einer Predigt gesagt hatte: \u201eHeute erwarten die Menschen in Pal\u00e4stina von uns, dass wir uns gegen Ungerechtigkeit aussprechen, wo immer sie auftritt.\u201c Die Kirche reformiere sich st\u00e4ndig, erkl\u00e4rte er und stellte die Frage: \u201eAber wie sieht Reformation nach zwei Jahren V\u00f6lkermord aus?\u201c<\/p>\n\n<p>&nbsp;<\/p>\n<div class=\"bottom-note\">\n  <span class=\"mod1\">CC-BY-NC Science Surf , accessed 26.04.2026<\/span>\n <\/div>","protected":false},"excerpt":{"rendered":"<p>Es ist ja nicht so, da\u00df sich die Diakonie &#8211; der soziale Dienst der Evangelischen Kirche in Deutschland EKD &#8211; umgehend\u00a0 nach dem Hamas \u00dcberfall im Oktober 2023 mit Spendenaufrufen gemeldet h\u00e4tte (ohne aber selbst vor Ort aktiv gewesen zu sein). Oder da\u00df die EKD nicht zu Gebeten f\u00fcr den Frieden aufgerufen h\u00e4tte. Aber hat &hellip; <a href=\"https:\/\/www.wjst.de\/blog\/sciencesurf\/2025\/08\/das-versagen-der-ekd\/\" class=\"more-link\">Continue reading <span class=\"screen-reader-text\">Das Versagen der evangelischen Kirche Deutschlands<\/span> <span class=\"meta-nav\">&rarr;<\/span><\/a><\/p>\n","protected":false},"author":1,"featured_media":0,"comment_status":"closed","ping_status":"open","sticky":false,"template":"","format":"standard","meta":{"footnotes":""},"categories":[3102,15],"tags":[],"class_list":["post-25471","post","type-post","status-publish","format-standard","hentry","category-one-world","category-science-theology"],"_links":{"self":[{"href":"https:\/\/www.wjst.de\/blog\/wp-json\/wp\/v2\/posts\/25471","targetHints":{"allow":["GET"]}}],"collection":[{"href":"https:\/\/www.wjst.de\/blog\/wp-json\/wp\/v2\/posts"}],"about":[{"href":"https:\/\/www.wjst.de\/blog\/wp-json\/wp\/v2\/types\/post"}],"author":[{"embeddable":true,"href":"https:\/\/www.wjst.de\/blog\/wp-json\/wp\/v2\/users\/1"}],"replies":[{"embeddable":true,"href":"https:\/\/www.wjst.de\/blog\/wp-json\/wp\/v2\/comments?post=25471"}],"version-history":[{"count":40,"href":"https:\/\/www.wjst.de\/blog\/wp-json\/wp\/v2\/posts\/25471\/revisions"}],"predecessor-version":[{"id":26008,"href":"https:\/\/www.wjst.de\/blog\/wp-json\/wp\/v2\/posts\/25471\/revisions\/26008"}],"wp:attachment":[{"href":"https:\/\/www.wjst.de\/blog\/wp-json\/wp\/v2\/media?parent=25471"}],"wp:term":[{"taxonomy":"category","embeddable":true,"href":"https:\/\/www.wjst.de\/blog\/wp-json\/wp\/v2\/categories?post=25471"},{"taxonomy":"post_tag","embeddable":true,"href":"https:\/\/www.wjst.de\/blog\/wp-json\/wp\/v2\/tags?post=25471"}],"curies":[{"name":"wp","href":"https:\/\/api.w.org\/{rel}","templated":true}]}}