{"id":7757,"date":"2015-09-21T14:03:31","date_gmt":"2015-09-21T13:03:31","guid":{"rendered":"http:\/\/www.wjst.de\/blog\/?p=7757"},"modified":"2015-09-25T10:45:52","modified_gmt":"2015-09-25T09:45:52","slug":"die-uneinheitlichen-sterbehilfe-regelungen-der-17-deutschen-arztekammern","status":"publish","type":"post","link":"https:\/\/www.wjst.de\/blog\/sciencesurf\/2015\/09\/die-uneinheitlichen-sterbehilfe-regelungen-der-17-deutschen-arztekammern\/","title":{"rendered":"Die uneinheitlichen Sterbehilfe Regelungen der 17 deutschen \u00c4rztekammern"},"content":{"rendered":"<p>F\u00fcr einen Vortrag zur Sterbehilfe \u00a0habe ich eine Grafik bei <a href=\"https:\/\/www.google.de\/url?sa=t&amp;rct=j&amp;q=&amp;esrc=s&amp;source=web&amp;cd=1&amp;cad=rja&amp;uact=8&amp;ved=0CCQQFjAAahUKEwjEl4njg4jIAhXHuRQKHefwBnE&amp;url=http%3A%2F%2Fwww.tuebinger-hospizdienste.de%2Findex.php%2Finfomaterial-download.html%3Ffile%3Dtl_files%2Fpresse%2FAerztliche%2520Beihilfe%2520zum%2520Suizid%2520-%2520Urban%2520Wiesing%2520PPT.ppt&amp;usg=AFQjCNGbXo36WMGf6Kr44yumcE_VXkuHgw&amp;sig2=6_AvIVUdjiuw5rCFaFrTSQ\">Urban\u00a0Wiesing<\/a> zur Situation in den einzelnen Bundesl\u00e4ndern gefunden habe, die unvollst\u00e4ndig ist bzw nur ungef\u00e4hr die Situation 2014\u00a0wieder gibt.<\/p>\n<p><a href=\"https:\/\/www.wjst.de\/blog\/wp-content\/uploads\/2015\/09\/wiesing.jpg\" data-rel=\"key-image-0\" data-rl_title=\"\" data-rl_caption=\"\" title=\"\"><img loading=\"lazy\" decoding=\"async\" class=\" wp-image-7762 aligncenter\" src=\"https:\/\/www.wjst.de\/blog\/wp-content\/uploads\/2015\/09\/wiesing-412x500.jpg\" alt=\"wiesing\" width=\"245\" height=\"297\" srcset=\"https:\/\/www.wjst.de\/blog\/wp-content\/uploads\/2015\/09\/wiesing-412x500.jpg 412w, https:\/\/www.wjst.de\/blog\/wp-content\/uploads\/2015\/09\/wiesing.jpg 558w\" sizes=\"auto, (max-width: 245px) 100vw, 245px\" \/><\/a><\/p>\n<p>\nDeshalb kommt hier die Korrektur mit vier Zeilen R\u00a0&#8211;\u00a0die libraries sp,\u00a0RColorBrewer und raster\u00a0m\u00fcssen dazu installiert sein.<\/p>\n<pre class=\"brush: php; title: ; notranslate\" title=\"\">\r\ndeu&amp;amp;lt;-getData('GADM', country='DEU', level=1)\r\ndeu@data&#x5B;&quot;IDCOL&quot;] &amp;amp;lt;- c(1,1,1,2,2,2,2,2,2,3,2,1,1,2,1,2)\r\nclrs &amp;amp;lt;- colorRampPalette(c('green','red','yellow'))\r\ndeu@data&#x5B;&quot;IDCOL&quot;] clrs spplot(deu, &quot;IDCOL&quot;, col.regions=clrs(16), colorkey=F, main ='Umfrage 2014 taz.de\/!5047649', scales=list(x=list(at=NULL),y=list(at=NULL)), par.settings = list( axis.line = list(col='transparent') ) )\r\n<\/pre>\n<p>Jeweils rot ist nun ein Bundesland gezeichnet, in dem \u00e4rztliche Sterbehilfe verboten ist,\u00a0gr\u00fcn wo die \u00e4rztliche Sterbehilfe\u00a0erlaubt ist, gelb mit uneinheitlicher Regelung\u00a0(Daten aus einer <a href=\"http:\/\/taz.de\/!5047649\">TAZ<\/a> Umfrage im letzten Jahr).<\/p>\n<p><a href=\"https:\/\/www.wjst.de\/blog\/wp-content\/uploads\/2015\/09\/Rplot01.png\" data-rel=\"key-image-1\" data-rl_title=\"\" data-rl_caption=\"\" title=\"\"><img loading=\"lazy\" decoding=\"async\" class=\"alignnone size-large wp-image-7759\" src=\"https:\/\/www.wjst.de\/blog\/wp-content\/uploads\/2015\/09\/Rplot01-854x500.png\" alt=\"Rplot01\" width=\"854\" height=\"500\" srcset=\"https:\/\/www.wjst.de\/blog\/wp-content\/uploads\/2015\/09\/Rplot01-854x500.png 854w, https:\/\/www.wjst.de\/blog\/wp-content\/uploads\/2015\/09\/Rplot01-620x363.png 620w, https:\/\/www.wjst.de\/blog\/wp-content\/uploads\/2015\/09\/Rplot01.png 1227w\" sizes=\"auto, (max-width: 854px) 100vw, 854px\" \/><\/a><!--more--><\/p>\n<p>\nAm interessantesten\u00a0war bei der Vorbereitung \u00a0zu sehen, wie verquer die gesamte deutsche Bioethiker Elite (Jox,\u00a0Borasio, Wiesing, Quante, Sch\u00f6ne-Seifert, Dahl) zu\u00a0der <a href=\"http:\/\/www.zeit.de\/gesellschaft\/2014-12\/sterbehilfe-ethikrat-selbsttoetung\">Stellungnahme des Ethikrates<\/a> liegt. <a href=\"https:\/\/www.ipscell.com\/2015\/08\/stevenpinker\/\">Steven Pinker<\/a>\u00a0meinte ja auch vor kurzem in einem Interview<\/p>\n<blockquote><p>Take the very foundation of ethics. You\u2019d think it would be an obvious ethical principle that life is better than death, health is better than disease, and vigor is better than disability. But, astonishingly, so-called bioethicists have repeatedly denied these truisms, either explicitly (in the case of the country\u2019s former bioethicist-in-chief, Leon Kass, who argued that the desire to extend life is a sign of shallowness and immaturity), or implicitly, by fetishizing sweeping rubrics such as dignity, equity, social justice, sacredness, privacy, and consent at the expense of the health and lives of actual people. It\u2019s not just that many bioethicists practice bad moral philosophy. It\u2019s that they are entangled in a conflict of interest. Institutionalized bioethics has become an academic and bureaucratic industry, and they need to rationalize their existence. You hardly need a bioethicist to tell you that it\u2019s wrong to inject typhus into twins or to withhold antibiotics from syphilis patients. But to come up with an abstruse argument as to why a parent should be prohibited from saving the life of her infant by donating a part of her liver\u2014for that you need a \u201cbioethicist.\u201d<\/p><\/blockquote>\n\n<p>&nbsp;<\/p>\n<div class=\"bottom-note\">\n  <span class=\"mod1\">CC-BY-NC Science Surf , accessed 28.04.2026<\/span>\n <\/div>","protected":false},"excerpt":{"rendered":"<p>F\u00fcr einen Vortrag zur Sterbehilfe \u00a0habe ich eine Grafik bei Urban\u00a0Wiesing zur Situation in den einzelnen Bundesl\u00e4ndern gefunden habe, die unvollst\u00e4ndig ist bzw nur ungef\u00e4hr die Situation 2014\u00a0wieder gibt. Deshalb kommt hier die Korrektur mit vier Zeilen R\u00a0&#8211;\u00a0die libraries sp,\u00a0RColorBrewer und raster\u00a0m\u00fcssen dazu installiert sein. deu&amp;amp;lt;-getData(&#8216;GADM&#8217;, country=&#8217;DEU&#8217;, level=1) deu@data&#x5B;&quot;IDCOL&quot;] &amp;amp;lt;- c(1,1,1,2,2,2,2,2,2,3,2,1,1,2,1,2) clrs &amp;amp;lt;- colorRampPalette(c(&#8216;green&#8217;,&#8217;red&#8217;,&#8217;yellow&#8217;)) deu@data&#x5B;&quot;IDCOL&quot;] &hellip; <a href=\"https:\/\/www.wjst.de\/blog\/sciencesurf\/2015\/09\/die-uneinheitlichen-sterbehilfe-regelungen-der-17-deutschen-arztekammern\/\" class=\"more-link\">Continue reading <span class=\"screen-reader-text\">Die uneinheitlichen Sterbehilfe Regelungen der 17 deutschen \u00c4rztekammern<\/span> <span class=\"meta-nav\">&rarr;<\/span><\/a><\/p>\n","protected":false},"author":1,"featured_media":0,"comment_status":"closed","ping_status":"open","sticky":false,"template":"","format":"standard","meta":{"footnotes":""},"categories":[9],"tags":[],"class_list":["post-7757","post","type-post","status-publish","format-standard","hentry","category-computer-software"],"_links":{"self":[{"href":"https:\/\/www.wjst.de\/blog\/wp-json\/wp\/v2\/posts\/7757","targetHints":{"allow":["GET"]}}],"collection":[{"href":"https:\/\/www.wjst.de\/blog\/wp-json\/wp\/v2\/posts"}],"about":[{"href":"https:\/\/www.wjst.de\/blog\/wp-json\/wp\/v2\/types\/post"}],"author":[{"embeddable":true,"href":"https:\/\/www.wjst.de\/blog\/wp-json\/wp\/v2\/users\/1"}],"replies":[{"embeddable":true,"href":"https:\/\/www.wjst.de\/blog\/wp-json\/wp\/v2\/comments?post=7757"}],"version-history":[{"count":13,"href":"https:\/\/www.wjst.de\/blog\/wp-json\/wp\/v2\/posts\/7757\/revisions"}],"predecessor-version":[{"id":7787,"href":"https:\/\/www.wjst.de\/blog\/wp-json\/wp\/v2\/posts\/7757\/revisions\/7787"}],"wp:attachment":[{"href":"https:\/\/www.wjst.de\/blog\/wp-json\/wp\/v2\/media?parent=7757"}],"wp:term":[{"taxonomy":"category","embeddable":true,"href":"https:\/\/www.wjst.de\/blog\/wp-json\/wp\/v2\/categories?post=7757"},{"taxonomy":"post_tag","embeddable":true,"href":"https:\/\/www.wjst.de\/blog\/wp-json\/wp\/v2\/tags?post=7757"}],"curies":[{"name":"wp","href":"https:\/\/api.w.org\/{rel}","templated":true}]}}